{"id":23377,"date":"2022-07-03T13:07:58","date_gmt":"2022-07-03T11:07:58","guid":{"rendered":"https:\/\/blogs.elcomercio.es\/reflexiones-de-belarmino\/?p=23377"},"modified":"2022-07-03T13:07:58","modified_gmt":"2022-07-03T11:07:58","slug":"alemania-prepara-a-la-poblacion-ya-en-nivel-2-por-que-teme-el-otono-espera-que-en-julio-corte-el-gas-rusia","status":"publish","type":"post","link":"https:\/\/blogs.elcomercio.es\/reflexiones-de-belarmino\/2022\/07\/03\/alemania-prepara-a-la-poblacion-ya-en-nivel-2-por-que-teme-el-otono-espera-que-en-julio-corte-el-gas-rusia\/","title":{"rendered":"\u00a1\u00a1\u00a1ALEMANIA PREPARA A LA POBLACI\u00d3N, YA EN NIVEL 2, POR QUE TEME EL OTO\u00d1O. ESPERA QUE EN JULIO CORTE EL GAS RUSIA !!!"},"content":{"rendered":"<p><strong>Ayer declar\u00f3 en nivel 2 el gobierno alem\u00e1n, y empez\u00f3 a preparar a su pueblo para enfrentar el due\u00f1o oto\u00f1o que les espera.Entienden que en el verano, este mes o agosto, Rusia las cortar\u00e1 el gas.<\/strong><\/p>\n<!-- AddThis Advanced Settings generic via filter on the_content --><!-- AddThis Share Buttons generic via filter on the_content -->","protected":false},"excerpt":{"rendered":"<p>Ayer declar\u00f3 en nivel 2 el gobierno alem\u00e1n, y empez\u00f3 a preparar a su pueblo para enfrentar el due\u00f1o oto\u00f1o que les espera.Entienden que en el verano, este mes o agosto, Rusia las cortar\u00e1 el gas.<!-- AddThis Advanced Settings generic via filter on get_the_excerpt --><!-- AddThis Share Buttons generic via filter on get_the_excerpt --><\/p>\n","protected":false},"author":16,"featured_media":0,"comment_status":"open","ping_status":"closed","sticky":false,"template":"","format":"standard","meta":[],"categories":[1],"tags":[],"_links":{"self":[{"href":"https:\/\/blogs.elcomercio.es\/reflexiones-de-belarmino\/wp-json\/wp\/v2\/posts\/23377"}],"collection":[{"href":"https:\/\/blogs.elcomercio.es\/reflexiones-de-belarmino\/wp-json\/wp\/v2\/posts"}],"about":[{"href":"https:\/\/blogs.elcomercio.es\/reflexiones-de-belarmino\/wp-json\/wp\/v2\/types\/post"}],"author":[{"embeddable":true,"href":"https:\/\/blogs.elcomercio.es\/reflexiones-de-belarmino\/wp-json\/wp\/v2\/users\/16"}],"replies":[{"embeddable":true,"href":"https:\/\/blogs.elcomercio.es\/reflexiones-de-belarmino\/wp-json\/wp\/v2\/comments?post=23377"}],"version-history":[{"count":2,"href":"https:\/\/blogs.elcomercio.es\/reflexiones-de-belarmino\/wp-json\/wp\/v2\/posts\/23377\/revisions"}],"predecessor-version":[{"id":23379,"href":"https:\/\/blogs.elcomercio.es\/reflexiones-de-belarmino\/wp-json\/wp\/v2\/posts\/23377\/revisions\/23379"}],"wp:attachment":[{"href":"https:\/\/blogs.elcomercio.es\/reflexiones-de-belarmino\/wp-json\/wp\/v2\/media?parent=23377"}],"wp:term":[{"taxonomy":"category","embeddable":true,"href":"https:\/\/blogs.elcomercio.es\/reflexiones-de-belarmino\/wp-json\/wp\/v2\/categories?post=23377"},{"taxonomy":"post_tag","embeddable":true,"href":"https:\/\/blogs.elcomercio.es\/reflexiones-de-belarmino\/wp-json\/wp\/v2\/tags?post=23377"}],"curies":[{"name":"wp","href":"https:\/\/api.w.org\/{rel}","templated":true}]}}