{"id":23412,"date":"2022-07-05T11:28:25","date_gmt":"2022-07-05T09:28:25","guid":{"rendered":"https:\/\/blogs.elcomercio.es\/reflexiones-de-belarmino\/?p=23412"},"modified":"2022-07-05T11:28:25","modified_gmt":"2022-07-05T09:28:25","slug":"la-ley-de-la-memoria-historica-hasta-1983-preocupa-a-felipe-gonzalez-y-otros-poderosos","status":"publish","type":"post","link":"https:\/\/blogs.elcomercio.es\/reflexiones-de-belarmino\/2022\/07\/05\/la-ley-de-la-memoria-historica-hasta-1983-preocupa-a-felipe-gonzalez-y-otros-poderosos\/","title":{"rendered":"\u00a1\u00a1\u00a1\u00a1LA LEY DE LA MEMORIA HIST\u00d3RICA HASTA 1983, PREOCUPA A FELIPE GONZ\u00c1LEZ Y OTROS PODEROSOS!!!"},"content":{"rendered":"<p><strong>Bildu est\u00e1 jugando bien sus poca cartas. Primero logr\u00f3 a cambio de sus 7 esca\u00f1os que cerca de un mill\u00f3n de espa\u00f1oles que reciben la pensi\u00f3n no contributiva, reciban un aumento del 15 % (68.71 euros al mes)., y ahora, la discusi\u00f3n sobre la Ley de la Memoria Democr\u00e1tica, la llevan hasta 1983, donde podr\u00edan incluirse a los GAL.<\/strong><\/p>\n<p><b>La cara de desagrado esta ma\u00f1ana, de Felipe Gonz\u00e1lez en Santander\u00a0 de \u00e9l, de otros dirigentes socialistas\u00a0de la\u00a0<\/b><b>\u00e9poca, al preguntarles sobre que se cubra, no al 78, sino hasta el 83 las investigaciones podr\u00e1 permitir por fin no s\u00f3lo la ilegalidad del franquismo, sino que tocar\u00e1 a los GAL.<\/b><\/p>\n<!-- AddThis Advanced Settings generic via filter on the_content --><!-- AddThis Share Buttons generic via filter on the_content -->","protected":false},"excerpt":{"rendered":"<p>Bildu est\u00e1 jugando bien sus poca cartas. Primero logr\u00f3 a cambio de sus 7 esca\u00f1os que cerca de un mill\u00f3n de espa\u00f1oles que reciben la pensi\u00f3n no contributiva, reciban un aumento del 15 % (68.71 euros al mes)., y ahora, la discusi\u00f3n sobre la Ley de la Memoria Democr\u00e1tica, la llevan hasta 1983, donde podr\u00edan [&hellip;]<!-- AddThis Advanced Settings generic via filter on get_the_excerpt --><!-- AddThis Share Buttons generic via filter on get_the_excerpt --><\/p>\n","protected":false},"author":16,"featured_media":0,"comment_status":"open","ping_status":"closed","sticky":false,"template":"","format":"standard","meta":[],"categories":[1],"tags":[],"_links":{"self":[{"href":"https:\/\/blogs.elcomercio.es\/reflexiones-de-belarmino\/wp-json\/wp\/v2\/posts\/23412"}],"collection":[{"href":"https:\/\/blogs.elcomercio.es\/reflexiones-de-belarmino\/wp-json\/wp\/v2\/posts"}],"about":[{"href":"https:\/\/blogs.elcomercio.es\/reflexiones-de-belarmino\/wp-json\/wp\/v2\/types\/post"}],"author":[{"embeddable":true,"href":"https:\/\/blogs.elcomercio.es\/reflexiones-de-belarmino\/wp-json\/wp\/v2\/users\/16"}],"replies":[{"embeddable":true,"href":"https:\/\/blogs.elcomercio.es\/reflexiones-de-belarmino\/wp-json\/wp\/v2\/comments?post=23412"}],"version-history":[{"count":1,"href":"https:\/\/blogs.elcomercio.es\/reflexiones-de-belarmino\/wp-json\/wp\/v2\/posts\/23412\/revisions"}],"predecessor-version":[{"id":23413,"href":"https:\/\/blogs.elcomercio.es\/reflexiones-de-belarmino\/wp-json\/wp\/v2\/posts\/23412\/revisions\/23413"}],"wp:attachment":[{"href":"https:\/\/blogs.elcomercio.es\/reflexiones-de-belarmino\/wp-json\/wp\/v2\/media?parent=23412"}],"wp:term":[{"taxonomy":"category","embeddable":true,"href":"https:\/\/blogs.elcomercio.es\/reflexiones-de-belarmino\/wp-json\/wp\/v2\/categories?post=23412"},{"taxonomy":"post_tag","embeddable":true,"href":"https:\/\/blogs.elcomercio.es\/reflexiones-de-belarmino\/wp-json\/wp\/v2\/tags?post=23412"}],"curies":[{"name":"wp","href":"https:\/\/api.w.org\/{rel}","templated":true}]}}