{"id":23419,"date":"2022-07-05T16:22:27","date_gmt":"2022-07-05T14:22:27","guid":{"rendered":"https:\/\/blogs.elcomercio.es\/reflexiones-de-belarmino\/?p=23419"},"modified":"2022-07-05T16:22:27","modified_gmt":"2022-07-05T14:22:27","slug":"100-anos-mas-tarde-se-mantienen-las-diferencias-entre-la-socialdemocracia-y-los-partidos-comunistas","status":"publish","type":"post","link":"https:\/\/blogs.elcomercio.es\/reflexiones-de-belarmino\/2022\/07\/05\/100-anos-mas-tarde-se-mantienen-las-diferencias-entre-la-socialdemocracia-y-los-partidos-comunistas\/","title":{"rendered":"\u00a1\u00a1\u00a1\u00a1100 A\u00d1OS MAS TARDE, SE MANTIENEN LAS DIFERENCIAS ENTRE LA SOCIALDEMOCRACIA Y LOS PARTIDOS COMUNISTAS !!!"},"content":{"rendered":"<p><b>En 1921 se celebr\u00f3 la III Internacional de los Trabajadores, creada por Carlos Marx para materializar\u00a0los estudios que hab\u00edan realizado con Engels, para la transformaci\u00f3n de la sociedad. La I en Londres en\u00a01865 ,donde asisti\u00f3\u00a0Marx, estuvieron presentes socialistas y anarquistas. En la II, 20 a\u00f1os despu\u00e9s, sin los anarquistas, los partidos socialistas se reunieron de nuevo en Londres, donde particip\u00f3 Pablo Iglesias\u00a0y el PSOE.<\/b><\/p>\n<p><strong>Tras el triunfo de la Revoluci\u00f3n Rusa,se celebra en 1921 la III Internacional, y all\u00ed se parte el movimiento obrero. De aquellos partidos socialistas europeos, se desprenden partes de ellos y formaron la Internacional Comunista.<\/strong><\/p>\n<p><b>La diferencia estuvo en que\u00a0 los sovi\u00e9ticos\u00a0consideraron que deb\u00edan de depender todos de la Komintern\u00a0, y los que no estaban de acuerdo. Los primeros forman los Partidos Comunistas y los dem\u00e7as siguieron como los partidos socialistas.<\/b><\/p>\n<p><b>Desde ese momento, hasta hoy, la lucha entre socialistas y comunistas ha sido, en\u00a0ocasiones cainitas, como la que tuvo Santiago Carrillo en los 30, con su padre\u00a0 Wenceslao\u00a0dirigente\u00a0del PSOE.<\/b><\/p>\n<p><b>Esa divisi\u00f3n debilit\u00f3 a las fuerzas populares que ganaron holgadamente las elecciones de 1931. en la\u00a0II Rep\u00fablica\u00a0Espa\u00f1ola.<\/b><\/p>\n<p><b>A pesar de su debilidad originala, a la derecha la uni\u00f3 sus intereses y en cambio la izquierda se debilit\u00f3\u00a0por sus ideolog\u00edas. A pesar de ello, y como nunca en la historia de Espa\u00f1a aguant\u00f3 el pueblo 5 a\u00f1os una lucha frontal contra los poderes f\u00e1cticos.<\/b><\/p>\n<p><strong>Oyendo a Margarita Robles responder a UNidas Podemos o a Felipe Gonz\u00e1lez y observar la queja de Yolanda D\u00edaz de que no se pod\u00edan enterar por la prensa de acuerdos tan fuertes como la aportaci\u00f2n de 1,000 millones de d\u00f3lares al gasto de defensa, me vino a la memoria los enfrentamientos entre socialistas y comunistas.<\/strong><\/p>\n<p><strong>Eso lo sabe bien la derecha, Nu\u00f1ez Feij\u00f3o, y por ello van, con sus medios de comunicaci\u00f3n en contra del Gobierno de Coalici\u00f3n.<\/strong><\/p>\n<p><strong>Confiamos en que Pedro S\u00e1nchez y Yolanda D\u00edaz, logren coser los jirones dentro del Gobierno de Coalici\u00f3n y que \u00e9sta logre la organizaci\u00f2n que recoja las demandas de de una mayor\u00eda social que va a salir muy irritada por toda la crisis econ\u00f3mica que se viene.<\/strong><\/p>\n<p>&nbsp;<\/p>\n<p>&nbsp;<\/p>\n<p>&nbsp;<\/p>\n<!-- AddThis Advanced Settings generic via filter on the_content --><!-- AddThis Share Buttons generic via filter on the_content -->","protected":false},"excerpt":{"rendered":"<p>En 1921 se celebr\u00f3 la III Internacional de los Trabajadores, creada por Carlos Marx para materializar\u00a0los estudios que hab\u00edan realizado con Engels, para la transformaci\u00f3n de la sociedad. La I en Londres en\u00a01865 ,donde asisti\u00f3\u00a0Marx, estuvieron presentes socialistas y anarquistas. En la II, 20 a\u00f1os despu\u00e9s, sin los anarquistas, los partidos socialistas se reunieron de [&hellip;]<!-- AddThis Advanced Settings generic via filter on get_the_excerpt --><!-- AddThis Share Buttons generic via filter on get_the_excerpt --><\/p>\n","protected":false},"author":16,"featured_media":0,"comment_status":"open","ping_status":"closed","sticky":false,"template":"","format":"standard","meta":[],"categories":[1],"tags":[],"_links":{"self":[{"href":"https:\/\/blogs.elcomercio.es\/reflexiones-de-belarmino\/wp-json\/wp\/v2\/posts\/23419"}],"collection":[{"href":"https:\/\/blogs.elcomercio.es\/reflexiones-de-belarmino\/wp-json\/wp\/v2\/posts"}],"about":[{"href":"https:\/\/blogs.elcomercio.es\/reflexiones-de-belarmino\/wp-json\/wp\/v2\/types\/post"}],"author":[{"embeddable":true,"href":"https:\/\/blogs.elcomercio.es\/reflexiones-de-belarmino\/wp-json\/wp\/v2\/users\/16"}],"replies":[{"embeddable":true,"href":"https:\/\/blogs.elcomercio.es\/reflexiones-de-belarmino\/wp-json\/wp\/v2\/comments?post=23419"}],"version-history":[{"count":2,"href":"https:\/\/blogs.elcomercio.es\/reflexiones-de-belarmino\/wp-json\/wp\/v2\/posts\/23419\/revisions"}],"predecessor-version":[{"id":23421,"href":"https:\/\/blogs.elcomercio.es\/reflexiones-de-belarmino\/wp-json\/wp\/v2\/posts\/23419\/revisions\/23421"}],"wp:attachment":[{"href":"https:\/\/blogs.elcomercio.es\/reflexiones-de-belarmino\/wp-json\/wp\/v2\/media?parent=23419"}],"wp:term":[{"taxonomy":"category","embeddable":true,"href":"https:\/\/blogs.elcomercio.es\/reflexiones-de-belarmino\/wp-json\/wp\/v2\/categories?post=23419"},{"taxonomy":"post_tag","embeddable":true,"href":"https:\/\/blogs.elcomercio.es\/reflexiones-de-belarmino\/wp-json\/wp\/v2\/tags?post=23419"}],"curies":[{"name":"wp","href":"https:\/\/api.w.org\/{rel}","templated":true}]}}