{"id":23422,"date":"2022-07-05T16:27:20","date_gmt":"2022-07-05T14:27:20","guid":{"rendered":"https:\/\/blogs.elcomercio.es\/reflexiones-de-belarmino\/?p=23422"},"modified":"2022-07-05T16:27:20","modified_gmt":"2022-07-05T14:27:20","slug":"el-euro-se-desploma-a-niveles-de-hace-20-anos-y-esta-cerca-de-la-paridad-con-el-dolar","status":"publish","type":"post","link":"https:\/\/blogs.elcomercio.es\/reflexiones-de-belarmino\/2022\/07\/05\/el-euro-se-desploma-a-niveles-de-hace-20-anos-y-esta-cerca-de-la-paridad-con-el-dolar\/","title":{"rendered":"\u00a1\u00a1\u00a1\u00a1\u00a1\u00a1 EL EURO SE DESPLOMA A NIVELES DE HACE 20 A\u00d1OS Y EST\u00c1 CERCA DE LA PARIDAD CON EL D\u00d3LAR!!!"},"content":{"rendered":"<p><strong>Una muestra mas de quien est\u00e1 pagando los conflictos entre Rusia y Ucrania. Europa.Hoy se informa que el euro ha bajado a niveles de 20 a\u00f1os, estando casi a nivel del d\u00f3lar.<\/strong><\/p>\n<!-- AddThis Advanced Settings generic via filter on the_content --><!-- AddThis Share Buttons generic via filter on the_content -->","protected":false},"excerpt":{"rendered":"<p>Una muestra mas de quien est\u00e1 pagando los conflictos entre Rusia y Ucrania. Europa.Hoy se informa que el euro ha bajado a niveles de 20 a\u00f1os, estando casi a nivel del d\u00f3lar.<!-- AddThis Advanced Settings generic via filter on get_the_excerpt --><!-- AddThis Share Buttons generic via filter on get_the_excerpt --><\/p>\n","protected":false},"author":16,"featured_media":0,"comment_status":"open","ping_status":"closed","sticky":false,"template":"","format":"standard","meta":[],"categories":[1],"tags":[],"_links":{"self":[{"href":"https:\/\/blogs.elcomercio.es\/reflexiones-de-belarmino\/wp-json\/wp\/v2\/posts\/23422"}],"collection":[{"href":"https:\/\/blogs.elcomercio.es\/reflexiones-de-belarmino\/wp-json\/wp\/v2\/posts"}],"about":[{"href":"https:\/\/blogs.elcomercio.es\/reflexiones-de-belarmino\/wp-json\/wp\/v2\/types\/post"}],"author":[{"embeddable":true,"href":"https:\/\/blogs.elcomercio.es\/reflexiones-de-belarmino\/wp-json\/wp\/v2\/users\/16"}],"replies":[{"embeddable":true,"href":"https:\/\/blogs.elcomercio.es\/reflexiones-de-belarmino\/wp-json\/wp\/v2\/comments?post=23422"}],"version-history":[{"count":2,"href":"https:\/\/blogs.elcomercio.es\/reflexiones-de-belarmino\/wp-json\/wp\/v2\/posts\/23422\/revisions"}],"predecessor-version":[{"id":23424,"href":"https:\/\/blogs.elcomercio.es\/reflexiones-de-belarmino\/wp-json\/wp\/v2\/posts\/23422\/revisions\/23424"}],"wp:attachment":[{"href":"https:\/\/blogs.elcomercio.es\/reflexiones-de-belarmino\/wp-json\/wp\/v2\/media?parent=23422"}],"wp:term":[{"taxonomy":"category","embeddable":true,"href":"https:\/\/blogs.elcomercio.es\/reflexiones-de-belarmino\/wp-json\/wp\/v2\/categories?post=23422"},{"taxonomy":"post_tag","embeddable":true,"href":"https:\/\/blogs.elcomercio.es\/reflexiones-de-belarmino\/wp-json\/wp\/v2\/tags?post=23422"}],"curies":[{"name":"wp","href":"https:\/\/api.w.org\/{rel}","templated":true}]}}