{"id":23425,"date":"2022-07-05T20:37:47","date_gmt":"2022-07-05T18:37:47","guid":{"rendered":"https:\/\/blogs.elcomercio.es\/reflexiones-de-belarmino\/?p=23425"},"modified":"2022-07-05T20:37:47","modified_gmt":"2022-07-05T18:37:47","slug":"goldman-sachs-vamos-a-una-recesion-global-por-la-caida-de-las-materias-primas","status":"publish","type":"post","link":"https:\/\/blogs.elcomercio.es\/reflexiones-de-belarmino\/2022\/07\/05\/goldman-sachs-vamos-a-una-recesion-global-por-la-caida-de-las-materias-primas\/","title":{"rendered":"\u00a1\u00a1\u00a1\u00a1\u00a1\u00a1GOLDMAN &amp; SACHS: &#8221; VAMOS A UNA RECESI\u00d3N GLOBAL, POR LA CA\u00cdDA DE LAS MATERIAS PRIMAS &#8220;!!!"},"content":{"rendered":"<p><b>Ya no era un an\u00e1lisis cualquiera;no era una percepci\u00f3n, hoy GOLDMAN SACHS, la voz de\u00a0Wall Street, avisa que VAMOS A UNA RECESI\u00d3N\u00a0GLOBAL, por la ca\u00edda\u00a0de las materias\u00a0primas.Hoy cay\u00f3 el hierro.<\/b><\/p>\n<p><b>No ha habido en los \u00faltimos 50 a\u00f1os un gobierno de los Estados\u00a0Unidos cuyo Secretario del Tesoro o el Presidente de la Reserva Federal no hayan provenido de Goldman.<\/b><\/p>\n<!-- AddThis Advanced Settings generic via filter on the_content --><!-- AddThis Share Buttons generic via filter on the_content -->","protected":false},"excerpt":{"rendered":"<p>Ya no era un an\u00e1lisis cualquiera;no era una percepci\u00f3n, hoy GOLDMAN SACHS, la voz de\u00a0Wall Street, avisa que VAMOS A UNA RECESI\u00d3N\u00a0GLOBAL, por la ca\u00edda\u00a0de las materias\u00a0primas.Hoy cay\u00f3 el hierro. No ha habido en los \u00faltimos 50 a\u00f1os un gobierno de los Estados\u00a0Unidos cuyo Secretario del Tesoro o el Presidente de la Reserva Federal no [&hellip;]<!-- AddThis Advanced Settings generic via filter on get_the_excerpt --><!-- AddThis Share Buttons generic via filter on get_the_excerpt --><\/p>\n","protected":false},"author":16,"featured_media":0,"comment_status":"open","ping_status":"closed","sticky":false,"template":"","format":"standard","meta":[],"categories":[1],"tags":[],"_links":{"self":[{"href":"https:\/\/blogs.elcomercio.es\/reflexiones-de-belarmino\/wp-json\/wp\/v2\/posts\/23425"}],"collection":[{"href":"https:\/\/blogs.elcomercio.es\/reflexiones-de-belarmino\/wp-json\/wp\/v2\/posts"}],"about":[{"href":"https:\/\/blogs.elcomercio.es\/reflexiones-de-belarmino\/wp-json\/wp\/v2\/types\/post"}],"author":[{"embeddable":true,"href":"https:\/\/blogs.elcomercio.es\/reflexiones-de-belarmino\/wp-json\/wp\/v2\/users\/16"}],"replies":[{"embeddable":true,"href":"https:\/\/blogs.elcomercio.es\/reflexiones-de-belarmino\/wp-json\/wp\/v2\/comments?post=23425"}],"version-history":[{"count":1,"href":"https:\/\/blogs.elcomercio.es\/reflexiones-de-belarmino\/wp-json\/wp\/v2\/posts\/23425\/revisions"}],"predecessor-version":[{"id":23426,"href":"https:\/\/blogs.elcomercio.es\/reflexiones-de-belarmino\/wp-json\/wp\/v2\/posts\/23425\/revisions\/23426"}],"wp:attachment":[{"href":"https:\/\/blogs.elcomercio.es\/reflexiones-de-belarmino\/wp-json\/wp\/v2\/media?parent=23425"}],"wp:term":[{"taxonomy":"category","embeddable":true,"href":"https:\/\/blogs.elcomercio.es\/reflexiones-de-belarmino\/wp-json\/wp\/v2\/categories?post=23425"},{"taxonomy":"post_tag","embeddable":true,"href":"https:\/\/blogs.elcomercio.es\/reflexiones-de-belarmino\/wp-json\/wp\/v2\/tags?post=23425"}],"curies":[{"name":"wp","href":"https:\/\/api.w.org\/{rel}","templated":true}]}}