{"id":23427,"date":"2022-07-05T21:10:21","date_gmt":"2022-07-05T19:10:21","guid":{"rendered":"https:\/\/blogs.elcomercio.es\/reflexiones-de-belarmino\/?p=23427"},"modified":"2022-07-05T21:10:21","modified_gmt":"2022-07-05T19:10:21","slug":"de-gran-trascendencia-la-reunion-del-g-20-del-jueves-en-indonesia","status":"publish","type":"post","link":"https:\/\/blogs.elcomercio.es\/reflexiones-de-belarmino\/2022\/07\/05\/de-gran-trascendencia-la-reunion-del-g-20-del-jueves-en-indonesia\/","title":{"rendered":"\u00a1\u00a1\u00a1\u00a1DE GRAN TRASCENDENCIA LA REUNI\u00d3N DEL G 20 DEL JUEVES EN INDONESIA !!!"},"content":{"rendered":"<p><b>Veamos quienes son\u00a0los paises del G20, para\u00a0entender su imp\u00f2rtancia en estos momentos de polarizaci\u00f3n mundial.<\/b><\/p>\n<p><b>ALEMANIA.- CANAD\u00c1.- ESTADOS UNIDOS.- FRANCIA.- REINO UNIDO.- ITALIA.- JAP\u00d3N.-RUSIA.-ARABIA SAUDITA, ARGENTINA.- AUSTRALIA.-BRASIL.- CHINA.-INDIA.-COREA DEL SUR.- MEXICO.- SUD\u00c1FRICA\u00a0Y TURQU\u00cdA.<\/b><\/p>\n<p><strong>Espa\u00f1a no forma parte pero SIEMPRE ES INVITADA.<\/strong><\/p>\n<p><strong>Este jueves ESTA CUMBRE BIPOLAR, es muy necesaria, <\/strong><\/p>\n<!-- AddThis Advanced Settings generic via filter on the_content --><!-- AddThis Share Buttons generic via filter on the_content -->","protected":false},"excerpt":{"rendered":"<p>Veamos quienes son\u00a0los paises del G20, para\u00a0entender su imp\u00f2rtancia en estos momentos de polarizaci\u00f3n mundial. ALEMANIA.- CANAD\u00c1.- ESTADOS UNIDOS.- FRANCIA.- REINO UNIDO.- ITALIA.- JAP\u00d3N.-RUSIA.-ARABIA SAUDITA, ARGENTINA.- AUSTRALIA.-BRASIL.- CHINA.-INDIA.-COREA DEL SUR.- MEXICO.- SUD\u00c1FRICA\u00a0Y TURQU\u00cdA. Espa\u00f1a no forma parte pero SIEMPRE ES INVITADA. Este jueves ESTA CUMBRE BIPOLAR, es muy necesaria,<!-- AddThis Advanced Settings generic via filter on get_the_excerpt --><!-- AddThis Share Buttons generic via filter on get_the_excerpt --><\/p>\n","protected":false},"author":16,"featured_media":0,"comment_status":"open","ping_status":"closed","sticky":false,"template":"","format":"standard","meta":[],"categories":[1],"tags":[],"_links":{"self":[{"href":"https:\/\/blogs.elcomercio.es\/reflexiones-de-belarmino\/wp-json\/wp\/v2\/posts\/23427"}],"collection":[{"href":"https:\/\/blogs.elcomercio.es\/reflexiones-de-belarmino\/wp-json\/wp\/v2\/posts"}],"about":[{"href":"https:\/\/blogs.elcomercio.es\/reflexiones-de-belarmino\/wp-json\/wp\/v2\/types\/post"}],"author":[{"embeddable":true,"href":"https:\/\/blogs.elcomercio.es\/reflexiones-de-belarmino\/wp-json\/wp\/v2\/users\/16"}],"replies":[{"embeddable":true,"href":"https:\/\/blogs.elcomercio.es\/reflexiones-de-belarmino\/wp-json\/wp\/v2\/comments?post=23427"}],"version-history":[{"count":1,"href":"https:\/\/blogs.elcomercio.es\/reflexiones-de-belarmino\/wp-json\/wp\/v2\/posts\/23427\/revisions"}],"predecessor-version":[{"id":23428,"href":"https:\/\/blogs.elcomercio.es\/reflexiones-de-belarmino\/wp-json\/wp\/v2\/posts\/23427\/revisions\/23428"}],"wp:attachment":[{"href":"https:\/\/blogs.elcomercio.es\/reflexiones-de-belarmino\/wp-json\/wp\/v2\/media?parent=23427"}],"wp:term":[{"taxonomy":"category","embeddable":true,"href":"https:\/\/blogs.elcomercio.es\/reflexiones-de-belarmino\/wp-json\/wp\/v2\/categories?post=23427"},{"taxonomy":"post_tag","embeddable":true,"href":"https:\/\/blogs.elcomercio.es\/reflexiones-de-belarmino\/wp-json\/wp\/v2\/tags?post=23427"}],"curies":[{"name":"wp","href":"https:\/\/api.w.org\/{rel}","templated":true}]}}