{"id":23429,"date":"2022-07-05T21:28:32","date_gmt":"2022-07-05T19:28:32","guid":{"rendered":"https:\/\/blogs.elcomercio.es\/reflexiones-de-belarmino\/?p=23429"},"modified":"2022-07-05T21:28:32","modified_gmt":"2022-07-05T19:28:32","slug":"bolsas-y-petroleo-en-caida-libre-por-temor-a-una-recesion-global-casi-inminente","status":"publish","type":"post","link":"https:\/\/blogs.elcomercio.es\/reflexiones-de-belarmino\/2022\/07\/05\/bolsas-y-petroleo-en-caida-libre-por-temor-a-una-recesion-global-casi-inminente\/","title":{"rendered":"\u00a1\u00a1\u00a1\u00a1BOLSAS Y PETR\u00d3LEO EN CA\u00cdDA LIBRE POR TEMOR A UNA RECESI\u00d3N GLOBAL CASI INMINENTE !!!"},"content":{"rendered":"<p><b>Hoy, ante las declaraciones de Goldman % Sachs, entraron\u00a0en ca\u00edda\u00a0libre todas las bolsas del mundo y el\u00a0petroleo.<\/b><\/p>\n<p><b>Alguien debe decir: &#8220;ABR\u00d3CHENSE\u00a0LOS CINTURONES POR QUE VAMOS A CRUZAR FUERTES TURBULENCIAS\u00a0&#8220;.<\/b><\/p>\n<p><b>Una inflaci\u00f3n mundial imparable, con un bajo crecimiento eran los signos para\u00a0entrar en Recesi\u00f3n. Parece que estamos a la puerta.<\/b><\/p>\n<p><b>Recordemos la de 1929, y las\u00a0consecuencias que trajo en Europa y la Segunda Guerra Mundial.<\/b><\/p>\n<p><b>Nadie lo deseamos, pero era &#8220;cr\u00f3nica\u00a0de una recesi\u00f3n anunciada&#8221;. La Covid, el quiebre del comercio mundial, la inflaci\u00f3n y luego las tensiones entre\u00a0Rusia y Ucrania, son los elementos.<\/b><\/p>\n<p><strong>Lo m\u00e1s preocupante son las tensiones sociales, que surgir\u00e1n ,para colmo, en un mundo sin una guerra total, pero incipiente.<\/strong><\/p>\n<p><b>EL G 20, es, a la vista la \u00fanica reuni\u00f3n a nivel mundial que p\u00f2dr\u00eda llevarnos a buscar soluciones globales a problemas mundiales.<\/b><\/p>\n<p><strong>(Espa\u00f1a, al subir el precio del dinero por el BCE y la Reserva Federal de los Estados Unidos, con una deuda de 1.44 % del PIB, va a afectarnos especialmente. Mucha agua va a pasar antes del 2024.)<\/strong><\/p>\n<!-- AddThis Advanced Settings generic via filter on the_content --><!-- AddThis Share Buttons generic via filter on the_content -->","protected":false},"excerpt":{"rendered":"<p>Hoy, ante las declaraciones de Goldman % Sachs, entraron\u00a0en ca\u00edda\u00a0libre todas las bolsas del mundo y el\u00a0petroleo. Alguien debe decir: &#8220;ABR\u00d3CHENSE\u00a0LOS CINTURONES POR QUE VAMOS A CRUZAR FUERTES TURBULENCIAS\u00a0&#8220;. Una inflaci\u00f3n mundial imparable, con un bajo crecimiento eran los signos para\u00a0entrar en Recesi\u00f3n. Parece que estamos a la puerta. Recordemos la de 1929, y las\u00a0consecuencias [&hellip;]<!-- AddThis Advanced Settings generic via filter on get_the_excerpt --><!-- AddThis Share Buttons generic via filter on get_the_excerpt --><\/p>\n","protected":false},"author":16,"featured_media":0,"comment_status":"open","ping_status":"closed","sticky":false,"template":"","format":"standard","meta":[],"categories":[1],"tags":[],"_links":{"self":[{"href":"https:\/\/blogs.elcomercio.es\/reflexiones-de-belarmino\/wp-json\/wp\/v2\/posts\/23429"}],"collection":[{"href":"https:\/\/blogs.elcomercio.es\/reflexiones-de-belarmino\/wp-json\/wp\/v2\/posts"}],"about":[{"href":"https:\/\/blogs.elcomercio.es\/reflexiones-de-belarmino\/wp-json\/wp\/v2\/types\/post"}],"author":[{"embeddable":true,"href":"https:\/\/blogs.elcomercio.es\/reflexiones-de-belarmino\/wp-json\/wp\/v2\/users\/16"}],"replies":[{"embeddable":true,"href":"https:\/\/blogs.elcomercio.es\/reflexiones-de-belarmino\/wp-json\/wp\/v2\/comments?post=23429"}],"version-history":[{"count":2,"href":"https:\/\/blogs.elcomercio.es\/reflexiones-de-belarmino\/wp-json\/wp\/v2\/posts\/23429\/revisions"}],"predecessor-version":[{"id":23431,"href":"https:\/\/blogs.elcomercio.es\/reflexiones-de-belarmino\/wp-json\/wp\/v2\/posts\/23429\/revisions\/23431"}],"wp:attachment":[{"href":"https:\/\/blogs.elcomercio.es\/reflexiones-de-belarmino\/wp-json\/wp\/v2\/media?parent=23429"}],"wp:term":[{"taxonomy":"category","embeddable":true,"href":"https:\/\/blogs.elcomercio.es\/reflexiones-de-belarmino\/wp-json\/wp\/v2\/categories?post=23429"},{"taxonomy":"post_tag","embeddable":true,"href":"https:\/\/blogs.elcomercio.es\/reflexiones-de-belarmino\/wp-json\/wp\/v2\/tags?post=23429"}],"curies":[{"name":"wp","href":"https:\/\/api.w.org\/{rel}","templated":true}]}}