{"id":23434,"date":"2022-07-06T10:09:29","date_gmt":"2022-07-06T08:09:29","guid":{"rendered":"https:\/\/blogs.elcomercio.es\/reflexiones-de-belarmino\/?p=23434"},"modified":"2022-07-06T10:09:29","modified_gmt":"2022-07-06T08:09:29","slug":"para-no-caer-en-el-error-de-zapatero-nadia-calvino-reconoce-lo-que-puede-venir","status":"publish","type":"post","link":"https:\/\/blogs.elcomercio.es\/reflexiones-de-belarmino\/2022\/07\/06\/para-no-caer-en-el-error-de-zapatero-nadia-calvino-reconoce-lo-que-puede-venir\/","title":{"rendered":"\u00a1\u00a1\u00a1PARA NO  CAER EN EL ERROR DE ZAPATERO, NADIA CALVI\u00d1O RECONOCE LO QUE PUEDE VENIR !!!"},"content":{"rendered":"<p><b>Zapatero hubiera sido un buen presidente no tengo duda. Pero tuvo un error que lo hizo caer y que di\u00f3 entrada a 10 a\u00f1os de Mariano Rajoy:No aceptaba lo que hasta las amas de casa ya advert\u00edan sobre la crisis econ\u00f3mica\u00a0que ven\u00eda.<\/b><\/p>\n<p><b>Aquella llamada en\u00a0la madrugada\u00a0de Obama alertando de lo que se nos ven\u00eda y la necesidad de una medida excepcional de Espa\u00f1a, a la que no pod\u00eda negarse por responsabilidad, quedaron en el inconsciente\u00a0de los espa\u00f1oles, de los los pol\u00edticos y de los analistas.<\/b><\/p>\n<p><b>Por ello, por primera vez,hoy Nadia Calvi\u00f1o ya inform\u00f3 que vienen tiempos\u00a0muy dif\u00edciles.<\/b><\/p>\n<p><b>Aquellos 75 a\u00f1os en paz que vivimos en Europa, no volver\u00e1n.Apenas alguien era perceptible de lo que significaba\u00a0en los 1,000 a\u00f1os de\u00a0guerra en Europa, que quienes ven\u00edamos\u00a0de\u00a0fuera vislumbramos, ante la incredulidad de con quien se hablaba<\/b><\/p>\n<p>&nbsp;<\/p>\n<!-- AddThis Advanced Settings generic via filter on the_content --><!-- AddThis Share Buttons generic via filter on the_content -->","protected":false},"excerpt":{"rendered":"<p>Zapatero hubiera sido un buen presidente no tengo duda. Pero tuvo un error que lo hizo caer y que di\u00f3 entrada a 10 a\u00f1os de Mariano Rajoy:No aceptaba lo que hasta las amas de casa ya advert\u00edan sobre la crisis econ\u00f3mica\u00a0que ven\u00eda. Aquella llamada en\u00a0la madrugada\u00a0de Obama alertando de lo que se nos ven\u00eda y [&hellip;]<!-- AddThis Advanced Settings generic via filter on get_the_excerpt --><!-- AddThis Share Buttons generic via filter on get_the_excerpt --><\/p>\n","protected":false},"author":16,"featured_media":0,"comment_status":"open","ping_status":"closed","sticky":false,"template":"","format":"standard","meta":[],"categories":[1],"tags":[],"_links":{"self":[{"href":"https:\/\/blogs.elcomercio.es\/reflexiones-de-belarmino\/wp-json\/wp\/v2\/posts\/23434"}],"collection":[{"href":"https:\/\/blogs.elcomercio.es\/reflexiones-de-belarmino\/wp-json\/wp\/v2\/posts"}],"about":[{"href":"https:\/\/blogs.elcomercio.es\/reflexiones-de-belarmino\/wp-json\/wp\/v2\/types\/post"}],"author":[{"embeddable":true,"href":"https:\/\/blogs.elcomercio.es\/reflexiones-de-belarmino\/wp-json\/wp\/v2\/users\/16"}],"replies":[{"embeddable":true,"href":"https:\/\/blogs.elcomercio.es\/reflexiones-de-belarmino\/wp-json\/wp\/v2\/comments?post=23434"}],"version-history":[{"count":1,"href":"https:\/\/blogs.elcomercio.es\/reflexiones-de-belarmino\/wp-json\/wp\/v2\/posts\/23434\/revisions"}],"predecessor-version":[{"id":23435,"href":"https:\/\/blogs.elcomercio.es\/reflexiones-de-belarmino\/wp-json\/wp\/v2\/posts\/23434\/revisions\/23435"}],"wp:attachment":[{"href":"https:\/\/blogs.elcomercio.es\/reflexiones-de-belarmino\/wp-json\/wp\/v2\/media?parent=23434"}],"wp:term":[{"taxonomy":"category","embeddable":true,"href":"https:\/\/blogs.elcomercio.es\/reflexiones-de-belarmino\/wp-json\/wp\/v2\/categories?post=23434"},{"taxonomy":"post_tag","embeddable":true,"href":"https:\/\/blogs.elcomercio.es\/reflexiones-de-belarmino\/wp-json\/wp\/v2\/tags?post=23434"}],"curies":[{"name":"wp","href":"https:\/\/api.w.org\/{rel}","templated":true}]}}