{"id":23436,"date":"2022-07-06T10:21:01","date_gmt":"2022-07-06T08:21:01","guid":{"rendered":"https:\/\/blogs.elcomercio.es\/reflexiones-de-belarmino\/?p=23436"},"modified":"2022-07-06T10:21:01","modified_gmt":"2022-07-06T08:21:01","slug":"la-reunion-del-7-y-8-en-bali-indonesia-del-g-20-sera-a-nivel-ministerial","status":"publish","type":"post","link":"https:\/\/blogs.elcomercio.es\/reflexiones-de-belarmino\/2022\/07\/06\/la-reunion-del-7-y-8-en-bali-indonesia-del-g-20-sera-a-nivel-ministerial\/","title":{"rendered":"\u00a1\u00a1\u00a1\u00a1\u00a1LA REUNI\u00d3N DEL 7 Y 8 EN BALI, INDONESIA DEL G 20 SER\u00c1 A NIVEL MINISTERIAL !!!"},"content":{"rendered":"<p><b>La reuni\u00f3n del G20, que se celebrar\u00e1 en la isla de Bali en Indonesia el 7 y 8 de julio, se celebrar\u00e1 a nivel ministerial, lo cual rebaja sus importancia pero ser\u00e1 un indicador de la posici\u00f3n de las principales econom\u00edas\u00a0del mundo, que tienen una riqueza igual a la de 150 paises en el mundo.<\/b><\/p>\n<!-- AddThis Advanced Settings generic via filter on the_content --><!-- AddThis Share Buttons generic via filter on the_content -->","protected":false},"excerpt":{"rendered":"<p>La reuni\u00f3n del G20, que se celebrar\u00e1 en la isla de Bali en Indonesia el 7 y 8 de julio, se celebrar\u00e1 a nivel ministerial, lo cual rebaja sus importancia pero ser\u00e1 un indicador de la posici\u00f3n de las principales econom\u00edas\u00a0del mundo, que tienen una riqueza igual a la de 150 paises en el mundo.<!-- AddThis Advanced Settings generic via filter on get_the_excerpt --><!-- AddThis Share Buttons generic via filter on get_the_excerpt --><\/p>\n","protected":false},"author":16,"featured_media":0,"comment_status":"open","ping_status":"closed","sticky":false,"template":"","format":"standard","meta":[],"categories":[1],"tags":[],"_links":{"self":[{"href":"https:\/\/blogs.elcomercio.es\/reflexiones-de-belarmino\/wp-json\/wp\/v2\/posts\/23436"}],"collection":[{"href":"https:\/\/blogs.elcomercio.es\/reflexiones-de-belarmino\/wp-json\/wp\/v2\/posts"}],"about":[{"href":"https:\/\/blogs.elcomercio.es\/reflexiones-de-belarmino\/wp-json\/wp\/v2\/types\/post"}],"author":[{"embeddable":true,"href":"https:\/\/blogs.elcomercio.es\/reflexiones-de-belarmino\/wp-json\/wp\/v2\/users\/16"}],"replies":[{"embeddable":true,"href":"https:\/\/blogs.elcomercio.es\/reflexiones-de-belarmino\/wp-json\/wp\/v2\/comments?post=23436"}],"version-history":[{"count":1,"href":"https:\/\/blogs.elcomercio.es\/reflexiones-de-belarmino\/wp-json\/wp\/v2\/posts\/23436\/revisions"}],"predecessor-version":[{"id":23437,"href":"https:\/\/blogs.elcomercio.es\/reflexiones-de-belarmino\/wp-json\/wp\/v2\/posts\/23436\/revisions\/23437"}],"wp:attachment":[{"href":"https:\/\/blogs.elcomercio.es\/reflexiones-de-belarmino\/wp-json\/wp\/v2\/media?parent=23436"}],"wp:term":[{"taxonomy":"category","embeddable":true,"href":"https:\/\/blogs.elcomercio.es\/reflexiones-de-belarmino\/wp-json\/wp\/v2\/categories?post=23436"},{"taxonomy":"post_tag","embeddable":true,"href":"https:\/\/blogs.elcomercio.es\/reflexiones-de-belarmino\/wp-json\/wp\/v2\/tags?post=23436"}],"curies":[{"name":"wp","href":"https:\/\/api.w.org\/{rel}","templated":true}]}}