{"id":23438,"date":"2022-07-06T10:27:56","date_gmt":"2022-07-06T08:27:56","guid":{"rendered":"https:\/\/blogs.elcomercio.es\/reflexiones-de-belarmino\/?p=23438"},"modified":"2022-07-06T10:27:56","modified_gmt":"2022-07-06T08:27:56","slug":"rusia-ataca-los-alrededores-de-jarkov-la-segunda-ciudad-de-ucrania","status":"publish","type":"post","link":"https:\/\/blogs.elcomercio.es\/reflexiones-de-belarmino\/2022\/07\/06\/rusia-ataca-los-alrededores-de-jarkov-la-segunda-ciudad-de-ucrania\/","title":{"rendered":"\u00a1\u00a1\u00a1\u00a1 RUSIA ATACA  LOS ALREDEDORES DE JARKOV, LA SEGUNDA CIUDAD DE UCRANIA !!!"},"content":{"rendered":"<p><b>Salvo por Kiev, por ahora los ataques ayer , tan duros contra\u00a0ciudades cercanas a J\u00e1rkov, la segunda ciudad m\u00e1s importante de Ucrania, permite pensar que Rusia ir\u00e1 por Odessa.<\/b><\/p>\n<!-- AddThis Advanced Settings generic via filter on the_content --><!-- AddThis Share Buttons generic via filter on the_content -->","protected":false},"excerpt":{"rendered":"<p>Salvo por Kiev, por ahora los ataques ayer , tan duros contra\u00a0ciudades cercanas a J\u00e1rkov, la segunda ciudad m\u00e1s importante de Ucrania, permite pensar que Rusia ir\u00e1 por Odessa.<!-- AddThis Advanced Settings generic via filter on get_the_excerpt --><!-- AddThis Share Buttons generic via filter on get_the_excerpt --><\/p>\n","protected":false},"author":16,"featured_media":0,"comment_status":"open","ping_status":"closed","sticky":false,"template":"","format":"standard","meta":[],"categories":[1],"tags":[],"_links":{"self":[{"href":"https:\/\/blogs.elcomercio.es\/reflexiones-de-belarmino\/wp-json\/wp\/v2\/posts\/23438"}],"collection":[{"href":"https:\/\/blogs.elcomercio.es\/reflexiones-de-belarmino\/wp-json\/wp\/v2\/posts"}],"about":[{"href":"https:\/\/blogs.elcomercio.es\/reflexiones-de-belarmino\/wp-json\/wp\/v2\/types\/post"}],"author":[{"embeddable":true,"href":"https:\/\/blogs.elcomercio.es\/reflexiones-de-belarmino\/wp-json\/wp\/v2\/users\/16"}],"replies":[{"embeddable":true,"href":"https:\/\/blogs.elcomercio.es\/reflexiones-de-belarmino\/wp-json\/wp\/v2\/comments?post=23438"}],"version-history":[{"count":1,"href":"https:\/\/blogs.elcomercio.es\/reflexiones-de-belarmino\/wp-json\/wp\/v2\/posts\/23438\/revisions"}],"predecessor-version":[{"id":23439,"href":"https:\/\/blogs.elcomercio.es\/reflexiones-de-belarmino\/wp-json\/wp\/v2\/posts\/23438\/revisions\/23439"}],"wp:attachment":[{"href":"https:\/\/blogs.elcomercio.es\/reflexiones-de-belarmino\/wp-json\/wp\/v2\/media?parent=23438"}],"wp:term":[{"taxonomy":"category","embeddable":true,"href":"https:\/\/blogs.elcomercio.es\/reflexiones-de-belarmino\/wp-json\/wp\/v2\/categories?post=23438"},{"taxonomy":"post_tag","embeddable":true,"href":"https:\/\/blogs.elcomercio.es\/reflexiones-de-belarmino\/wp-json\/wp\/v2\/tags?post=23438"}],"curies":[{"name":"wp","href":"https:\/\/api.w.org\/{rel}","templated":true}]}}