{"id":23466,"date":"2022-07-07T17:06:11","date_gmt":"2022-07-07T15:06:11","guid":{"rendered":"https:\/\/blogs.elcomercio.es\/reflexiones-de-belarmino\/?p=23466"},"modified":"2022-07-07T17:06:11","modified_gmt":"2022-07-07T15:06:11","slug":"el-llanissco-juan-ramon-collado-abogado-de-pena-nieto-compro-una-mega-suite-en-four-seasons-mientras-se-le-investigaba-por-blanqueo","status":"publish","type":"post","link":"https:\/\/blogs.elcomercio.es\/reflexiones-de-belarmino\/2022\/07\/07\/el-llanissco-juan-ramon-collado-abogado-de-pena-nieto-compro-una-mega-suite-en-four-seasons-mientras-se-le-investigaba-por-blanqueo\/","title":{"rendered":"\u00a1\u00a1\u00a1\u00a1EL LLANISSCO JUAN RAMON COLLADO, ABOGADO DE PE\u00d1A NIETO ,COMPRO UNA  MEGA SUITE EN FOUR SEASONS MIENTRAS SE LE INVESTIGABA POR BLANQUEO!!"},"content":{"rendered":"<p><b>El abogado\u00a0del ex presidente\u00a0Pe\u00f1a Nieto, ahora en el Reclusorio No. 5 de la ciudad de\u00a0M\u00e9xico,mientras se le investigaba por blanqueo, compr\u00f3 un mega \u00e1tico\u00a0en Four Seasons, en Madrid valorado\u00a0en 5 millones de d\u00f3lares.<\/b><\/p>\n<p><b>Y lo hizo, mientras estaba\u00a0ya en prisi\u00f3n\u00a0donde lleva dos a\u00f1os ,y fue tan poco inteligente de comprar, en plena\u00a0investigaci\u00f3n sobre el lavado de dinero de decenas de millones\u00a0de d\u00f3lares, este piso en la zona de elite de Madrid\u00a0 y en el consorcio\u00a0de elite mundial como es Four Seasons.<\/b><\/p>\n<p><b>Lo esperan\u00a0varios a\u00f1os m\u00e1s.Tristeza para Llanes y los asturianos trabajadores.<\/b><\/p>\n<!-- AddThis Advanced Settings generic via filter on the_content --><!-- AddThis Share Buttons generic via filter on the_content -->","protected":false},"excerpt":{"rendered":"<p>El abogado\u00a0del ex presidente\u00a0Pe\u00f1a Nieto, ahora en el Reclusorio No. 5 de la ciudad de\u00a0M\u00e9xico,mientras se le investigaba por blanqueo, compr\u00f3 un mega \u00e1tico\u00a0en Four Seasons, en Madrid valorado\u00a0en 5 millones de d\u00f3lares. Y lo hizo, mientras estaba\u00a0ya en prisi\u00f3n\u00a0donde lleva dos a\u00f1os ,y fue tan poco inteligente de comprar, en plena\u00a0investigaci\u00f3n sobre el lavado [&hellip;]<!-- AddThis Advanced Settings generic via filter on get_the_excerpt --><!-- AddThis Share Buttons generic via filter on get_the_excerpt --><\/p>\n","protected":false},"author":16,"featured_media":0,"comment_status":"open","ping_status":"closed","sticky":false,"template":"","format":"standard","meta":[],"categories":[1],"tags":[],"_links":{"self":[{"href":"https:\/\/blogs.elcomercio.es\/reflexiones-de-belarmino\/wp-json\/wp\/v2\/posts\/23466"}],"collection":[{"href":"https:\/\/blogs.elcomercio.es\/reflexiones-de-belarmino\/wp-json\/wp\/v2\/posts"}],"about":[{"href":"https:\/\/blogs.elcomercio.es\/reflexiones-de-belarmino\/wp-json\/wp\/v2\/types\/post"}],"author":[{"embeddable":true,"href":"https:\/\/blogs.elcomercio.es\/reflexiones-de-belarmino\/wp-json\/wp\/v2\/users\/16"}],"replies":[{"embeddable":true,"href":"https:\/\/blogs.elcomercio.es\/reflexiones-de-belarmino\/wp-json\/wp\/v2\/comments?post=23466"}],"version-history":[{"count":1,"href":"https:\/\/blogs.elcomercio.es\/reflexiones-de-belarmino\/wp-json\/wp\/v2\/posts\/23466\/revisions"}],"predecessor-version":[{"id":23467,"href":"https:\/\/blogs.elcomercio.es\/reflexiones-de-belarmino\/wp-json\/wp\/v2\/posts\/23466\/revisions\/23467"}],"wp:attachment":[{"href":"https:\/\/blogs.elcomercio.es\/reflexiones-de-belarmino\/wp-json\/wp\/v2\/media?parent=23466"}],"wp:term":[{"taxonomy":"category","embeddable":true,"href":"https:\/\/blogs.elcomercio.es\/reflexiones-de-belarmino\/wp-json\/wp\/v2\/categories?post=23466"},{"taxonomy":"post_tag","embeddable":true,"href":"https:\/\/blogs.elcomercio.es\/reflexiones-de-belarmino\/wp-json\/wp\/v2\/tags?post=23466"}],"curies":[{"name":"wp","href":"https:\/\/api.w.org\/{rel}","templated":true}]}}