{"id":23472,"date":"2022-07-08T09:38:21","date_gmt":"2022-07-08T07:38:21","guid":{"rendered":"https:\/\/blogs.elcomercio.es\/reflexiones-de-belarmino\/?p=23472"},"modified":"2022-07-08T09:38:21","modified_gmt":"2022-07-08T07:38:21","slug":"de-nuevo-las-electricas-ahora-doblan-a-asturias-ribera-exige-a-iberdrola-y-naturgy-que-cumplan-sus-compromisos","status":"publish","type":"post","link":"https:\/\/blogs.elcomercio.es\/reflexiones-de-belarmino\/2022\/07\/08\/de-nuevo-las-electricas-ahora-doblan-a-asturias-ribera-exige-a-iberdrola-y-naturgy-que-cumplan-sus-compromisos\/","title":{"rendered":"\u00a1\u00a1\u00a1DE NUEVO LAS ELECTRICAS.- AHORA DOBLAN A ASTURIAS. RIBERA EXIGE A IBERDROLA Y NATURGY QUE CUMPLAN SUS COMPROMISOS !!"},"content":{"rendered":"<p><b>Ya tardabas\u00a0en encontrar esta demanda.Iberdrola, Naturgy y Endesa, las tres &#8220;intocables&#8221; energ\u00e9ticas\u00a0de Espa\u00f1a, que han doblado a todos los gobiernos del pa\u00eds, desde Felipe Gonz\u00e1lez, Aznar, Zapatero, Rajoy y S\u00e1nchez; que tienen demandas por doquier(En M\u00e9xico hay una demanda por 9,500 millones de pesos por venta ilegal del gas), est\u00e1n doblando al d\u00e9bil\u00a0gobierno asturianos.<\/b><\/p>\n<p><strong>&#8220;TERESA RIBERA EXIGE A IBERDROLA Y NATURGY QUE CUMPLAN SUS COMPROMISOS CON ASTURIAS&#8221;, titula 8 columnas el Diario El Comercio.<\/strong><\/p>\n<p><strong>\u00bf Hasta cuando?. Hasta que lo haga la poblaci\u00f3n en las calles?.<\/strong><\/p>\n<p><b>Ayer mismo: &#8221; Queremos\u00a0que Ribera vea que la transici\u00f3n est\u00e1 destrozando a Asturias&#8221; exigieron ayer en Oviedo\u00a0 vatios colectivos del campo y empresas en crisis en Oviedo&#8221;<\/b><\/p>\n<p>&nbsp;<\/p>\n<!-- AddThis Advanced Settings generic via filter on the_content --><!-- AddThis Share Buttons generic via filter on the_content -->","protected":false},"excerpt":{"rendered":"<p>Ya tardabas\u00a0en encontrar esta demanda.Iberdrola, Naturgy y Endesa, las tres &#8220;intocables&#8221; energ\u00e9ticas\u00a0de Espa\u00f1a, que han doblado a todos los gobiernos del pa\u00eds, desde Felipe Gonz\u00e1lez, Aznar, Zapatero, Rajoy y S\u00e1nchez; que tienen demandas por doquier(En M\u00e9xico hay una demanda por 9,500 millones de pesos por venta ilegal del gas), est\u00e1n doblando al d\u00e9bil\u00a0gobierno asturianos. &#8220;TERESA [&hellip;]<!-- AddThis Advanced Settings generic via filter on get_the_excerpt --><!-- AddThis Share Buttons generic via filter on get_the_excerpt --><\/p>\n","protected":false},"author":16,"featured_media":0,"comment_status":"open","ping_status":"closed","sticky":false,"template":"","format":"standard","meta":[],"categories":[1],"tags":[],"_links":{"self":[{"href":"https:\/\/blogs.elcomercio.es\/reflexiones-de-belarmino\/wp-json\/wp\/v2\/posts\/23472"}],"collection":[{"href":"https:\/\/blogs.elcomercio.es\/reflexiones-de-belarmino\/wp-json\/wp\/v2\/posts"}],"about":[{"href":"https:\/\/blogs.elcomercio.es\/reflexiones-de-belarmino\/wp-json\/wp\/v2\/types\/post"}],"author":[{"embeddable":true,"href":"https:\/\/blogs.elcomercio.es\/reflexiones-de-belarmino\/wp-json\/wp\/v2\/users\/16"}],"replies":[{"embeddable":true,"href":"https:\/\/blogs.elcomercio.es\/reflexiones-de-belarmino\/wp-json\/wp\/v2\/comments?post=23472"}],"version-history":[{"count":1,"href":"https:\/\/blogs.elcomercio.es\/reflexiones-de-belarmino\/wp-json\/wp\/v2\/posts\/23472\/revisions"}],"predecessor-version":[{"id":23473,"href":"https:\/\/blogs.elcomercio.es\/reflexiones-de-belarmino\/wp-json\/wp\/v2\/posts\/23472\/revisions\/23473"}],"wp:attachment":[{"href":"https:\/\/blogs.elcomercio.es\/reflexiones-de-belarmino\/wp-json\/wp\/v2\/media?parent=23472"}],"wp:term":[{"taxonomy":"category","embeddable":true,"href":"https:\/\/blogs.elcomercio.es\/reflexiones-de-belarmino\/wp-json\/wp\/v2\/categories?post=23472"},{"taxonomy":"post_tag","embeddable":true,"href":"https:\/\/blogs.elcomercio.es\/reflexiones-de-belarmino\/wp-json\/wp\/v2\/tags?post=23472"}],"curies":[{"name":"wp","href":"https:\/\/api.w.org\/{rel}","templated":true}]}}