{"id":23477,"date":"2022-07-08T10:48:19","date_gmt":"2022-07-08T08:48:19","guid":{"rendered":"https:\/\/blogs.elcomercio.es\/reflexiones-de-belarmino\/?p=23477"},"modified":"2022-07-08T10:49:55","modified_gmt":"2022-07-08T08:49:55","slug":"empieza-el-g-20-90-pib-mundial-80-comercio-mundial-y-2-3-parte-de-la-poblacion-mundial","status":"publish","type":"post","link":"https:\/\/blogs.elcomercio.es\/reflexiones-de-belarmino\/2022\/07\/08\/empieza-el-g-20-90-pib-mundial-80-comercio-mundial-y-2-3-parte-de-la-poblacion-mundial\/","title":{"rendered":"\u00a1\u00a1\u00a1\u00a1EMPIEZA EL G 20,.- 90 % PIB MUNDIAL, 80 % COMERCIO MUNDIAL, Y 2\/3 PARTE DE LA POBLACI\u00d3N MUNDIAL !!!"},"content":{"rendered":"<p><b>Hoy se inicia en la isla de Bali, en Indonesia, la reuni\u00f3n del llamado G20, a nivel ministerial.En un mundo dividido en dos bloques tras Ucrania, es la primera vez que se re\u00fanen\u00a0ambos bloques en que se ha configurado el mundo en 4 meses..<\/b><\/p>\n<p><b>De que tama\u00f1o es la importancia\u00a0del G 20, nos lo indica que representan\u00a0el 90 % del PIB mundial, el 80 % del comercio mundial y 2\/3 partes de la poblaci\u00f3n mundial.<\/b><\/p>\n<p><strong>Aunque Espa\u00f1a no forma parte del grupo, siempre es invitada,<\/strong><\/p>\n<p><b>Durar\u00e1 hoy\u00a0 y ma\u00f1ana, y se espera declaraciones que puedan orientar hacia\u00a0d\u00f3nde\u00a0vamos.<\/b><\/p>\n<p><b>Es el grupo m\u00e1s representativo\u00a0a nivel mundial para toma\u00a0de decisiones, tras la ONU, pero en ellos no existe el Consejo de Seguridad,<\/b><\/p>\n<p><b>Sin la presencia\u00a0del Reino Unido, ser\u00e1\u00a0la primera vez que se vean\u00a0las caras el Secretario de Estado Blinken y el ministro de Exteriores Lavrov.Blinken no quiere ver a Lavrov, y este no le da importancia. De potencia a potencia.<\/b><\/p>\n<p><strong>Pero estar\u00e1 tambi\u00e9n China.<\/strong><\/p>\n<p>&nbsp;<\/p>\n<!-- AddThis Advanced Settings generic via filter on the_content --><!-- AddThis Share Buttons generic via filter on the_content -->","protected":false},"excerpt":{"rendered":"<p>Hoy se inicia en la isla de Bali, en Indonesia, la reuni\u00f3n del llamado G20, a nivel ministerial.En un mundo dividido en dos bloques tras Ucrania, es la primera vez que se re\u00fanen\u00a0ambos bloques en que se ha configurado el mundo en 4 meses.. De que tama\u00f1o es la importancia\u00a0del G 20, nos lo indica [&hellip;]<!-- AddThis Advanced Settings generic via filter on get_the_excerpt --><!-- AddThis Share Buttons generic via filter on get_the_excerpt --><\/p>\n","protected":false},"author":16,"featured_media":0,"comment_status":"open","ping_status":"closed","sticky":false,"template":"","format":"standard","meta":[],"categories":[1],"tags":[],"_links":{"self":[{"href":"https:\/\/blogs.elcomercio.es\/reflexiones-de-belarmino\/wp-json\/wp\/v2\/posts\/23477"}],"collection":[{"href":"https:\/\/blogs.elcomercio.es\/reflexiones-de-belarmino\/wp-json\/wp\/v2\/posts"}],"about":[{"href":"https:\/\/blogs.elcomercio.es\/reflexiones-de-belarmino\/wp-json\/wp\/v2\/types\/post"}],"author":[{"embeddable":true,"href":"https:\/\/blogs.elcomercio.es\/reflexiones-de-belarmino\/wp-json\/wp\/v2\/users\/16"}],"replies":[{"embeddable":true,"href":"https:\/\/blogs.elcomercio.es\/reflexiones-de-belarmino\/wp-json\/wp\/v2\/comments?post=23477"}],"version-history":[{"count":3,"href":"https:\/\/blogs.elcomercio.es\/reflexiones-de-belarmino\/wp-json\/wp\/v2\/posts\/23477\/revisions"}],"predecessor-version":[{"id":23480,"href":"https:\/\/blogs.elcomercio.es\/reflexiones-de-belarmino\/wp-json\/wp\/v2\/posts\/23477\/revisions\/23480"}],"wp:attachment":[{"href":"https:\/\/blogs.elcomercio.es\/reflexiones-de-belarmino\/wp-json\/wp\/v2\/media?parent=23477"}],"wp:term":[{"taxonomy":"category","embeddable":true,"href":"https:\/\/blogs.elcomercio.es\/reflexiones-de-belarmino\/wp-json\/wp\/v2\/categories?post=23477"},{"taxonomy":"post_tag","embeddable":true,"href":"https:\/\/blogs.elcomercio.es\/reflexiones-de-belarmino\/wp-json\/wp\/v2\/tags?post=23477"}],"curies":[{"name":"wp","href":"https:\/\/api.w.org\/{rel}","templated":true}]}}