{"id":23522,"date":"2022-07-10T11:47:44","date_gmt":"2022-07-10T09:47:44","guid":{"rendered":"https:\/\/blogs.elcomercio.es\/reflexiones-de-belarmino\/?p=23522"},"modified":"2022-07-10T11:47:44","modified_gmt":"2022-07-10T09:47:44","slug":"canada-se-echo-para-atras-y-le-regresa-a-rusia-la-turbina-en-reparacion-para-que-no-cierren-el-gas","status":"publish","type":"post","link":"https:\/\/blogs.elcomercio.es\/reflexiones-de-belarmino\/2022\/07\/10\/canada-se-echo-para-atras-y-le-regresa-a-rusia-la-turbina-en-reparacion-para-que-no-cierren-el-gas\/","title":{"rendered":"\u00a1\u00a1\u00a1\u00a1\u00a1 CANAD\u00c1 SE ECH\u00d3 PARA ATR\u00c1S Y LE REGRESA A RUSIA LA TURBINA EN REPARACI\u00d3N PARA QUE NO CIERREN EL GAS !!!"},"content":{"rendered":"<p><strong>Los negocios son los negocios, Los intereses son los\u00a0<\/strong><b>intereses. &#8221; Zelenski destituye a su embajador en Alemania&#8221; dice la prensa, sin saber que el motivo del &#8220;pe\u00f3n de Biden &#8220;, fue que Alemania a quien\u00a0la\u00a0semana\u00a0pr\u00f3xima\u00a0lo dejaban sin gas porque\u00a0Canad\u00e1\u00a0le hab\u00eda\u00a0embargado la turbia del Nord Stream 1, presion\u00f3\u00a0al se\u00f1or\u00a0Trudeau y Canad\u00e1 devolver\u00e1 de inmediato la turbina que ped\u00eda Rusia.<\/b><\/p>\n<!-- AddThis Advanced Settings generic via filter on the_content --><!-- AddThis Share Buttons generic via filter on the_content -->","protected":false},"excerpt":{"rendered":"<p>Los negocios son los negocios, Los intereses son los\u00a0intereses. &#8221; Zelenski destituye a su embajador en Alemania&#8221; dice la prensa, sin saber que el motivo del &#8220;pe\u00f3n de Biden &#8220;, fue que Alemania a quien\u00a0la\u00a0semana\u00a0pr\u00f3xima\u00a0lo dejaban sin gas porque\u00a0Canad\u00e1\u00a0le hab\u00eda\u00a0embargado la turbia del Nord Stream 1, presion\u00f3\u00a0al se\u00f1or\u00a0Trudeau y Canad\u00e1 devolver\u00e1 de inmediato la turbina [&hellip;]<!-- AddThis Advanced Settings generic via filter on get_the_excerpt --><!-- AddThis Share Buttons generic via filter on get_the_excerpt --><\/p>\n","protected":false},"author":16,"featured_media":0,"comment_status":"open","ping_status":"closed","sticky":false,"template":"","format":"standard","meta":[],"categories":[1],"tags":[],"_links":{"self":[{"href":"https:\/\/blogs.elcomercio.es\/reflexiones-de-belarmino\/wp-json\/wp\/v2\/posts\/23522"}],"collection":[{"href":"https:\/\/blogs.elcomercio.es\/reflexiones-de-belarmino\/wp-json\/wp\/v2\/posts"}],"about":[{"href":"https:\/\/blogs.elcomercio.es\/reflexiones-de-belarmino\/wp-json\/wp\/v2\/types\/post"}],"author":[{"embeddable":true,"href":"https:\/\/blogs.elcomercio.es\/reflexiones-de-belarmino\/wp-json\/wp\/v2\/users\/16"}],"replies":[{"embeddable":true,"href":"https:\/\/blogs.elcomercio.es\/reflexiones-de-belarmino\/wp-json\/wp\/v2\/comments?post=23522"}],"version-history":[{"count":2,"href":"https:\/\/blogs.elcomercio.es\/reflexiones-de-belarmino\/wp-json\/wp\/v2\/posts\/23522\/revisions"}],"predecessor-version":[{"id":23524,"href":"https:\/\/blogs.elcomercio.es\/reflexiones-de-belarmino\/wp-json\/wp\/v2\/posts\/23522\/revisions\/23524"}],"wp:attachment":[{"href":"https:\/\/blogs.elcomercio.es\/reflexiones-de-belarmino\/wp-json\/wp\/v2\/media?parent=23522"}],"wp:term":[{"taxonomy":"category","embeddable":true,"href":"https:\/\/blogs.elcomercio.es\/reflexiones-de-belarmino\/wp-json\/wp\/v2\/categories?post=23522"},{"taxonomy":"post_tag","embeddable":true,"href":"https:\/\/blogs.elcomercio.es\/reflexiones-de-belarmino\/wp-json\/wp\/v2\/tags?post=23522"}],"curies":[{"name":"wp","href":"https:\/\/api.w.org\/{rel}","templated":true}]}}