{"id":23525,"date":"2022-07-10T12:10:10","date_gmt":"2022-07-10T10:10:10","guid":{"rendered":"https:\/\/blogs.elcomercio.es\/reflexiones-de-belarmino\/?p=23525"},"modified":"2022-07-10T12:10:10","modified_gmt":"2022-07-10T10:10:10","slug":"ante-el-fracaso-del-g20-estados-unidos-temen-una-gran-ofensiva-rusa","status":"publish","type":"post","link":"https:\/\/blogs.elcomercio.es\/reflexiones-de-belarmino\/2022\/07\/10\/ante-el-fracaso-del-g20-estados-unidos-temen-una-gran-ofensiva-rusa\/","title":{"rendered":"\u00a1\u00a1\u00a1ANTE EL FRACASO DEL G20, ESTADOS UNIDOS TEMEN UNA GRAN OFENSIVA RUSA !!!"},"content":{"rendered":"<p><b>Por supuesto en Espa\u00f1a no escuchar\u00e1\u00a0hablar de\u00a0lo que pas\u00f3 en el G20, en Bali donde\u00a0 el G7, no tuvo ning\u00fan\u00a0respaldo\u00a0del otro bloque de 13 paises, entre ellos China, India, Arabia Saudita y Am\u00e9rica Latina. Pero hay que analizarlo para comprender lo que puede venir, de lo cual ya alert\u00f3 ayer Estados Unidos.Primero conden\u00f3 la alianza entre Rusia y China, y alert\u00f3 que la pausa rusa es que preparan una gran ofensiva.<\/b><\/p>\n<p><b>Creo que este fracaso, la cesi\u00f3n ayer de Canad\u00e1\u00a0de entregar\u00a0la turbina que Rusia ped\u00eda para no dejar sin gas a Alemania, va a llevar a cambiar su estrategia a Rusia.<\/b><\/p>\n<p><strong>Creo que Rusia, con calma, en esta pausa, est\u00e1 preparando un gran ofensiva, y que no se va a conformar con el Este y el Sur, sino que se va a lanzar contra Jarkov y Odessa y puede que contra KIev antes de finalizar el a\u00f1o.<\/strong><\/p>\n<p>&nbsp;<\/p>\n<!-- AddThis Advanced Settings generic via filter on the_content --><!-- AddThis Share Buttons generic via filter on the_content -->","protected":false},"excerpt":{"rendered":"<p>Por supuesto en Espa\u00f1a no escuchar\u00e1\u00a0hablar de\u00a0lo que pas\u00f3 en el G20, en Bali donde\u00a0 el G7, no tuvo ning\u00fan\u00a0respaldo\u00a0del otro bloque de 13 paises, entre ellos China, India, Arabia Saudita y Am\u00e9rica Latina. Pero hay que analizarlo para comprender lo que puede venir, de lo cual ya alert\u00f3 ayer Estados Unidos.Primero conden\u00f3 la alianza [&hellip;]<!-- AddThis Advanced Settings generic via filter on get_the_excerpt --><!-- AddThis Share Buttons generic via filter on get_the_excerpt --><\/p>\n","protected":false},"author":16,"featured_media":0,"comment_status":"open","ping_status":"closed","sticky":false,"template":"","format":"standard","meta":[],"categories":[1],"tags":[],"_links":{"self":[{"href":"https:\/\/blogs.elcomercio.es\/reflexiones-de-belarmino\/wp-json\/wp\/v2\/posts\/23525"}],"collection":[{"href":"https:\/\/blogs.elcomercio.es\/reflexiones-de-belarmino\/wp-json\/wp\/v2\/posts"}],"about":[{"href":"https:\/\/blogs.elcomercio.es\/reflexiones-de-belarmino\/wp-json\/wp\/v2\/types\/post"}],"author":[{"embeddable":true,"href":"https:\/\/blogs.elcomercio.es\/reflexiones-de-belarmino\/wp-json\/wp\/v2\/users\/16"}],"replies":[{"embeddable":true,"href":"https:\/\/blogs.elcomercio.es\/reflexiones-de-belarmino\/wp-json\/wp\/v2\/comments?post=23525"}],"version-history":[{"count":1,"href":"https:\/\/blogs.elcomercio.es\/reflexiones-de-belarmino\/wp-json\/wp\/v2\/posts\/23525\/revisions"}],"predecessor-version":[{"id":23526,"href":"https:\/\/blogs.elcomercio.es\/reflexiones-de-belarmino\/wp-json\/wp\/v2\/posts\/23525\/revisions\/23526"}],"wp:attachment":[{"href":"https:\/\/blogs.elcomercio.es\/reflexiones-de-belarmino\/wp-json\/wp\/v2\/media?parent=23525"}],"wp:term":[{"taxonomy":"category","embeddable":true,"href":"https:\/\/blogs.elcomercio.es\/reflexiones-de-belarmino\/wp-json\/wp\/v2\/categories?post=23525"},{"taxonomy":"post_tag","embeddable":true,"href":"https:\/\/blogs.elcomercio.es\/reflexiones-de-belarmino\/wp-json\/wp\/v2\/tags?post=23525"}],"curies":[{"name":"wp","href":"https:\/\/api.w.org\/{rel}","templated":true}]}}