{"id":23528,"date":"2022-07-10T16:55:27","date_gmt":"2022-07-10T14:55:27","guid":{"rendered":"https:\/\/blogs.elcomercio.es\/reflexiones-de-belarmino\/?p=23528"},"modified":"2022-07-10T16:55:27","modified_gmt":"2022-07-10T14:55:27","slug":"la-proeza-espanola-en-mexico-la-viruela-la-sinergia-entre-europa-y-asia-que-en-america-no-existio","status":"publish","type":"post","link":"https:\/\/blogs.elcomercio.es\/reflexiones-de-belarmino\/2022\/07\/10\/la-proeza-espanola-en-mexico-la-viruela-la-sinergia-entre-europa-y-asia-que-en-america-no-existio\/","title":{"rendered":"\u00a1\u00a1\u00a1\u00a1\u00a1 &#8220;LA PROEZA ESPA\u00d1OLA&#8221; EN MEXICO, LA VIRUELA, LA SINERGIA ENTRE EUROPA Y ASIA QUE EN AM\u00c9RICA NO EXISTI\u00d3 !!!"},"content":{"rendered":"<p><b>Durante milenios entre\u00a0Asia y Europa\u00a0hubo, a trav\u00e9s\u00a0de la Ruta de la Seda, una SINERGIA que los retroalimentan. Europa recibi\u00f3 del Asia\u00a0Central los CABALLOS, y si no hubiera sido por Gengis\u00a0Kan, los Reyes Cat\u00f3licos no tendr\u00edan aquellos ca\u00f1ones y aquella P\u00d3LVORA\u00a0para acabar con Granada..<\/b><\/p>\n<p><b>Cuando Col\u00f3n inici\u00f3 el llamado\u00a0&#8221; Descubrimiento&#8221; que fue el&#8221; Encuentro entre dos mundos&#8221;, ya llevaba\u00a0en sus filas, a otro visitantes que le hab\u00edan\u00a0retroalimentado\u00a0desde Asia, la viruela.<\/b><\/p>\n<p><b>Se nos ha vendido &#8220;aquella gesta\u00a0heroica&#8221; de un pu\u00f1ado de valientes encabezados por Cortes que liquidaron a millones de los pueblos originarios, pero\u00a0no se ha dicho, o por lo menos, yo ,o reitero que de los 25 millones de ind\u00edgenas que hab\u00edan\u00a0 \u00a0en 1520, cuando Cuitlahuac derrota a Cort\u00e9s,\u00a0 no fue hasta 1529, que cay\u00f3 Tenochtitl\u00e1n, adem\u00e1s de por las armas por la Viruela.Para 1545 de esos 25 millones quedaban 5 millones, pero no tanto por las armas sino por la pandemia.<\/b><\/p>\n<p><b>A tal grado lleg\u00f3 la preocupaci\u00f3n que mandaron\u00a0a\u00f1os m\u00e1s\u00a0tarde aquellos 22 j\u00f3venes, con el remedio contra la viruela, por que\u00a0 si no \u00bf quien iba a buscar la plata y el oro detectado en esas culturas ?.<\/b><\/p>\n<p><b>Eso hoy\u00a0se llamar\u00edan un genocidio\u00a0y as\u00ed est\u00e1n interpretando\u00a0aquel contacto\u00a0espa\u00f1ol con los aztecas, los mayas, tarascos\u00a0y\u00a0<\/b><b>zapotecos.<\/b><\/p>\n<p><strong>Caer con todo el poder de Asia y Europa, sobre una culturas como las que exist\u00edan en ese continente, est\u00e1 lejos de cualquiera heroicidad.<\/strong><\/p>\n<p><b>Tan poca proeza fue la\u00a0de los espa\u00f1oles y portugueses\u00a0como los brit\u00e1nicos.<\/b><\/p>\n<p><b>Estas l\u00edneas, son un primer acercamiento, pero que\u00a0me da pie para profundizar el estudio de la realidad.<\/b><\/p>\n<p>&nbsp;<\/p>\n<p>&nbsp;<\/p>\n<!-- AddThis Advanced Settings generic via filter on the_content --><!-- AddThis Share Buttons generic via filter on the_content -->","protected":false},"excerpt":{"rendered":"<p>Durante milenios entre\u00a0Asia y Europa\u00a0hubo, a trav\u00e9s\u00a0de la Ruta de la Seda, una SINERGIA que los retroalimentan. Europa recibi\u00f3 del Asia\u00a0Central los CABALLOS, y si no hubiera sido por Gengis\u00a0Kan, los Reyes Cat\u00f3licos no tendr\u00edan aquellos ca\u00f1ones y aquella P\u00d3LVORA\u00a0para acabar con Granada.. Cuando Col\u00f3n inici\u00f3 el llamado\u00a0&#8221; Descubrimiento&#8221; que fue el&#8221; Encuentro entre dos [&hellip;]<!-- AddThis Advanced Settings generic via filter on get_the_excerpt --><!-- AddThis Share Buttons generic via filter on get_the_excerpt --><\/p>\n","protected":false},"author":16,"featured_media":0,"comment_status":"open","ping_status":"closed","sticky":false,"template":"","format":"standard","meta":[],"categories":[1],"tags":[],"_links":{"self":[{"href":"https:\/\/blogs.elcomercio.es\/reflexiones-de-belarmino\/wp-json\/wp\/v2\/posts\/23528"}],"collection":[{"href":"https:\/\/blogs.elcomercio.es\/reflexiones-de-belarmino\/wp-json\/wp\/v2\/posts"}],"about":[{"href":"https:\/\/blogs.elcomercio.es\/reflexiones-de-belarmino\/wp-json\/wp\/v2\/types\/post"}],"author":[{"embeddable":true,"href":"https:\/\/blogs.elcomercio.es\/reflexiones-de-belarmino\/wp-json\/wp\/v2\/users\/16"}],"replies":[{"embeddable":true,"href":"https:\/\/blogs.elcomercio.es\/reflexiones-de-belarmino\/wp-json\/wp\/v2\/comments?post=23528"}],"version-history":[{"count":2,"href":"https:\/\/blogs.elcomercio.es\/reflexiones-de-belarmino\/wp-json\/wp\/v2\/posts\/23528\/revisions"}],"predecessor-version":[{"id":23530,"href":"https:\/\/blogs.elcomercio.es\/reflexiones-de-belarmino\/wp-json\/wp\/v2\/posts\/23528\/revisions\/23530"}],"wp:attachment":[{"href":"https:\/\/blogs.elcomercio.es\/reflexiones-de-belarmino\/wp-json\/wp\/v2\/media?parent=23528"}],"wp:term":[{"taxonomy":"category","embeddable":true,"href":"https:\/\/blogs.elcomercio.es\/reflexiones-de-belarmino\/wp-json\/wp\/v2\/categories?post=23528"},{"taxonomy":"post_tag","embeddable":true,"href":"https:\/\/blogs.elcomercio.es\/reflexiones-de-belarmino\/wp-json\/wp\/v2\/tags?post=23528"}],"curies":[{"name":"wp","href":"https:\/\/api.w.org\/{rel}","templated":true}]}}