{"id":23532,"date":"2022-07-10T20:52:14","date_gmt":"2022-07-10T18:52:14","guid":{"rendered":"https:\/\/blogs.elcomercio.es\/reflexiones-de-belarmino\/?p=23532"},"modified":"2022-07-10T20:52:14","modified_gmt":"2022-07-10T18:52:14","slug":"se-inaugura-la-sucursal-1623-del-banco-del-bienestar-en-un-ejido-en-chiapa-de-corzo-chiapas","status":"publish","type":"post","link":"https:\/\/blogs.elcomercio.es\/reflexiones-de-belarmino\/2022\/07\/10\/se-inaugura-la-sucursal-1623-del-banco-del-bienestar-en-un-ejido-en-chiapa-de-corzo-chiapas\/","title":{"rendered":"\u00a1\u00a1\u00a1\u00a1SE INAUGURA LA SUCURSAL 1,623 DEL BANCO DEL BIENESTAR, EN UN EJIDO, EN CHIAPA DE CORZO, CHIAPAS !!!"},"content":{"rendered":"<p><b>Se dice f\u00e1cil, pero el presidente de la Rep\u00f9blica, acaba de inaugurar, hoy domingo, la sucursal 1,623 del Banco del Bienestar, en un ejido, el Revoluci\u00f3n Mexicana, del municipio de Chiapa de Corzo en el estado de Chiapas. Con ello se ha llegado al 60 % de las 2,744 sucursales del Banco de la Naci\u00f3n.<\/b><\/p>\n<p><b>Para quienes\u00a0conocemos el pa\u00eds, es sorprendente\u00a0el m\u00e9todo.Construida\u00a0por ingenieros militares, habitantes\u00a0de cada poblado y dirigido, tras su preparaci\u00f3n por vecinos elegidos por su\u00a0pueblo, esta red de bancos llega hasta\u00a0 el \u00faltimo rinc\u00f3n del pa\u00eds(Villa de Corzo es un municipio\u00a0 situado entre Tuxtla Guti\u00e9rrez\u00a0actual cap\u00ectal y San Crist\u00f3bal\u00a0Las Casas la antigua capital colonial, y tiene tres sucursales hasta este peque\u00f1o\u00a0pueblo ejidal llamado Revoluci\u00f3n M\u00e9xicana).<\/b><\/p>\n<p><b>La banca comercial tiene sus propias \u00e1reas de desarrollo como lo sabe bien el Banco Santander y el BBVA, pero los miles de millones de dolares de todo el programa del Estado del Bienestar, circular\u00e1n\u00a0por este banco, sin intermediarios y sin comisiones. De Hacienda a la\u00a0 tarjeta bancaria con que cuentan ya m\u00e1s de 25 millones de mexicanos, el dinero circular\u00e1 por todo el pa\u00eds.<\/b><\/p>\n<p><b>Recordamos que a estos miles de\u00a0millones de d\u00f3lares, hay que agregar los aproximadamente\u00a060,000 millones\u00a0de d\u00f3lares que mandan los 11\u00a0 \u00a0millones de mexicanos que trabajan\u00a0 en los EE:UU.-<\/b><\/p>\n<p><b>Andr\u00e9s Manuel L\u00f3pez Obrador es quiz\u00e1s el \u00fanico presidente\u00a0en la historia de M\u00e9xico que ha recorrido, por lo menos una vez, cada uno de los 3,248 municipios del pa\u00eds, y el pueblo lo conoce en todo el pa\u00eds.<\/b><\/p>\n<p><strong>Lo que ha hecho han sido d\u00eda a d\u00eda de las 7 de la ma\u00f1ana hasta el final de las giras, en 4 a\u00f1os es realmente una verdadera proeza.<\/strong><\/p>\n<p><b>Este\u00a0 proceso que \u00e9l\u00a0empez\u00f3 con la DEMOCRACIA, CERO CORRUPCI\u00d3N\u00a0Y CERO IMPUNIDAD, es irreversible, a pesar de todos los intereses nacionales y extranjeros cuyos intereses han sido tocados en beneficio de las grandes mayor\u00edas.<\/b><\/p>\n<p><b>Uno de sus grandes aciertos, es haber incorporado a la Cuarta Transformaci\u00f3n, no s\u00f3lo a los grandes empresarios, al capital extranjero de todos los continentes que saben que hay OTRAS REGLAS DEL JUEGO en ese pa\u00eds con la imagen\u00a0de la corrupci\u00f3n y la violencia que estuvo a punto de ser un Estado Fallido en 2018; que incorpor\u00f3 a los 133 millones de mexicanos el 60 % menores de 30 a\u00f1os, y al Ejercito Mexicano y a\u00a0 la Marina.<\/b><\/p>\n<p><b>V\u00eda democr\u00e1tica, gan\u00f3 la presidencia, las mayor\u00edas\u00a0en la C\u00e1mara\u00a0de diputados, en el Senado y hoy tiene 22 de las 32 gubernaturas, todo dentro de la Constituci\u00f3n y con una libertad de expresi\u00f2n total a pesar de los grandes golpes\u00a0diarios de los medios de TV, radio y peri\u00f3dicos, de la oligarqu\u00eda.<\/b><\/p>\n<p><b>El us\u00f3 internet y todos los que lo deseamos, basta conectarnos. Lo que acabo de trasmitir esta ocurriendo\u00a0en estos momentos cerca de la frontera con Guatemala.<\/b><\/p>\n<p><strong>Pasado ma\u00f1ana estar\u00e1 en Washington en otra entrevista con el presidente de los Estados Unidos Joe Biden.En el G20, M\u00e9xico fue uno de los 13 que aislaron al G7, en su aventura en Rusia.Biden lo sabe, pero sabe esa es la politica de toda la historia de M\u00e9xico.<\/strong><\/p>\n<!-- AddThis Advanced Settings generic via filter on the_content --><!-- AddThis Share Buttons generic via filter on the_content -->","protected":false},"excerpt":{"rendered":"<p>Se dice f\u00e1cil, pero el presidente de la Rep\u00f9blica, acaba de inaugurar, hoy domingo, la sucursal 1,623 del Banco del Bienestar, en un ejido, el Revoluci\u00f3n Mexicana, del municipio de Chiapa de Corzo en el estado de Chiapas. Con ello se ha llegado al 60 % de las 2,744 sucursales del Banco de la Naci\u00f3n. [&hellip;]<!-- AddThis Advanced Settings generic via filter on get_the_excerpt --><!-- AddThis Share Buttons generic via filter on get_the_excerpt --><\/p>\n","protected":false},"author":16,"featured_media":0,"comment_status":"open","ping_status":"closed","sticky":false,"template":"","format":"standard","meta":[],"categories":[1],"tags":[],"_links":{"self":[{"href":"https:\/\/blogs.elcomercio.es\/reflexiones-de-belarmino\/wp-json\/wp\/v2\/posts\/23532"}],"collection":[{"href":"https:\/\/blogs.elcomercio.es\/reflexiones-de-belarmino\/wp-json\/wp\/v2\/posts"}],"about":[{"href":"https:\/\/blogs.elcomercio.es\/reflexiones-de-belarmino\/wp-json\/wp\/v2\/types\/post"}],"author":[{"embeddable":true,"href":"https:\/\/blogs.elcomercio.es\/reflexiones-de-belarmino\/wp-json\/wp\/v2\/users\/16"}],"replies":[{"embeddable":true,"href":"https:\/\/blogs.elcomercio.es\/reflexiones-de-belarmino\/wp-json\/wp\/v2\/comments?post=23532"}],"version-history":[{"count":3,"href":"https:\/\/blogs.elcomercio.es\/reflexiones-de-belarmino\/wp-json\/wp\/v2\/posts\/23532\/revisions"}],"predecessor-version":[{"id":23535,"href":"https:\/\/blogs.elcomercio.es\/reflexiones-de-belarmino\/wp-json\/wp\/v2\/posts\/23532\/revisions\/23535"}],"wp:attachment":[{"href":"https:\/\/blogs.elcomercio.es\/reflexiones-de-belarmino\/wp-json\/wp\/v2\/media?parent=23532"}],"wp:term":[{"taxonomy":"category","embeddable":true,"href":"https:\/\/blogs.elcomercio.es\/reflexiones-de-belarmino\/wp-json\/wp\/v2\/categories?post=23532"},{"taxonomy":"post_tag","embeddable":true,"href":"https:\/\/blogs.elcomercio.es\/reflexiones-de-belarmino\/wp-json\/wp\/v2\/tags?post=23532"}],"curies":[{"name":"wp","href":"https:\/\/api.w.org\/{rel}","templated":true}]}}