{"id":23536,"date":"2022-07-10T21:04:53","date_gmt":"2022-07-10T19:04:53","guid":{"rendered":"https:\/\/blogs.elcomercio.es\/reflexiones-de-belarmino\/?p=23536"},"modified":"2022-07-10T21:04:53","modified_gmt":"2022-07-10T19:04:53","slug":"tambien-francia-pide-a-sus-ciudadanos-rapida-preparacion-por-un-casi-seguro-corte-de-gas-ruso","status":"publish","type":"post","link":"https:\/\/blogs.elcomercio.es\/reflexiones-de-belarmino\/2022\/07\/10\/tambien-francia-pide-a-sus-ciudadanos-rapida-preparacion-por-un-casi-seguro-corte-de-gas-ruso\/","title":{"rendered":"\u00a1\u00a1\u00a1\u00a1 TAMBIEN FRANCIA PIDE A SUS CIUDADANOS RAPIDA PREPARACION POR UN CASI SEGURO CORTE DE GAS RUSO !!!"},"content":{"rendered":"<p><b>Ni Alemania, ni Francia son cualesquiera\u00a0pa\u00edses, 4 y 6 econom\u00edas mundiales y eje de Europa. Pues en ambos se est\u00e1n\u00a0tomando\u00a0medidas y avisando\u00a0a la poblaci\u00f3n\u00a0para estar preparados para lo que consideran un inminente\u00a0corte del gas ruso.<\/b><\/p>\n<p><b>Grave error t\u00e1ctico\u00a0de los Estados Unidos, lanzarse a cercar a Rusia de tal forma que tuviera que\u00a0responder, cuando\u00a0Europa depende del gas ruso como depende.<\/b><\/p>\n<p><b>M\u00e1s temprano que tarde, Europa, en cuanto pase\u00a0la borrachera, se lo va a recriminar.<\/b><\/p>\n<p><b>Tras el G20, un pol\u00edtico\u00a0tan h\u00e1bil\u00a0como Putin, va a tomar medidas muy duras, entre\u00a0cortar el gas y quiz\u00e1s lanzarse\u00a0por toda Ucrania.<\/b><\/p>\n<!-- AddThis Advanced Settings generic via filter on the_content --><!-- AddThis Share Buttons generic via filter on the_content -->","protected":false},"excerpt":{"rendered":"<p>Ni Alemania, ni Francia son cualesquiera\u00a0pa\u00edses, 4 y 6 econom\u00edas mundiales y eje de Europa. Pues en ambos se est\u00e1n\u00a0tomando\u00a0medidas y avisando\u00a0a la poblaci\u00f3n\u00a0para estar preparados para lo que consideran un inminente\u00a0corte del gas ruso. Grave error t\u00e1ctico\u00a0de los Estados Unidos, lanzarse a cercar a Rusia de tal forma que tuviera que\u00a0responder, cuando\u00a0Europa depende del [&hellip;]<!-- AddThis Advanced Settings generic via filter on get_the_excerpt --><!-- AddThis Share Buttons generic via filter on get_the_excerpt --><\/p>\n","protected":false},"author":16,"featured_media":0,"comment_status":"open","ping_status":"closed","sticky":false,"template":"","format":"standard","meta":[],"categories":[1],"tags":[],"_links":{"self":[{"href":"https:\/\/blogs.elcomercio.es\/reflexiones-de-belarmino\/wp-json\/wp\/v2\/posts\/23536"}],"collection":[{"href":"https:\/\/blogs.elcomercio.es\/reflexiones-de-belarmino\/wp-json\/wp\/v2\/posts"}],"about":[{"href":"https:\/\/blogs.elcomercio.es\/reflexiones-de-belarmino\/wp-json\/wp\/v2\/types\/post"}],"author":[{"embeddable":true,"href":"https:\/\/blogs.elcomercio.es\/reflexiones-de-belarmino\/wp-json\/wp\/v2\/users\/16"}],"replies":[{"embeddable":true,"href":"https:\/\/blogs.elcomercio.es\/reflexiones-de-belarmino\/wp-json\/wp\/v2\/comments?post=23536"}],"version-history":[{"count":2,"href":"https:\/\/blogs.elcomercio.es\/reflexiones-de-belarmino\/wp-json\/wp\/v2\/posts\/23536\/revisions"}],"predecessor-version":[{"id":23538,"href":"https:\/\/blogs.elcomercio.es\/reflexiones-de-belarmino\/wp-json\/wp\/v2\/posts\/23536\/revisions\/23538"}],"wp:attachment":[{"href":"https:\/\/blogs.elcomercio.es\/reflexiones-de-belarmino\/wp-json\/wp\/v2\/media?parent=23536"}],"wp:term":[{"taxonomy":"category","embeddable":true,"href":"https:\/\/blogs.elcomercio.es\/reflexiones-de-belarmino\/wp-json\/wp\/v2\/categories?post=23536"},{"taxonomy":"post_tag","embeddable":true,"href":"https:\/\/blogs.elcomercio.es\/reflexiones-de-belarmino\/wp-json\/wp\/v2\/tags?post=23536"}],"curies":[{"name":"wp","href":"https:\/\/api.w.org\/{rel}","templated":true}]}}