{"id":23539,"date":"2022-07-10T21:37:53","date_gmt":"2022-07-10T19:37:53","guid":{"rendered":"https:\/\/blogs.elcomercio.es\/reflexiones-de-belarmino\/?p=23539"},"modified":"2022-07-10T21:37:53","modified_gmt":"2022-07-10T19:37:53","slug":"no-no-reeleccion-no-dice-en-ocosingo-amlo-me-quedan-2-anos-y-3-meses-pero-ya-esta-armado-el-futuro","status":"publish","type":"post","link":"https:\/\/blogs.elcomercio.es\/reflexiones-de-belarmino\/2022\/07\/10\/no-no-reeleccion-no-dice-en-ocosingo-amlo-me-quedan-2-anos-y-3-meses-pero-ya-esta-armado-el-futuro\/","title":{"rendered":"\u00a1\u00a1\u00a1\u00a1\u00a1&#8221;NO, NO, REELECCI\u00d3N NO &#8221; DICE EN OCOSINGO AMLO. ME QUEDAN 2 A\u00d1OS Y 3 MESES, PERO YA EST\u00c1 ARMADO EL FUTURO !!!"},"content":{"rendered":"<p><b>En Chiapas, el municipio m\u00e1s grande, Ocosingo, ante la demanda de los pobladores, el\u00a0presidente de la Rep\u00fablica\u00a0Mexicana respondi\u00f3 categ\u00f3rico\u00a0a\u00a0 los pobladores que siguiera..&#8221; No, no, No hay reelecci\u00f3n&#8221;. Acuerden el\u00a0principio de Madero al iniciar la Revoluci\u00f3n\u00a0de 1910. &#8221; SUFRAGIO EFECTIVO, NO REELECCI\u00d3N&#8221;.<\/b><\/p>\n<p><b>&#8221; Me quedan\u00a02 a\u00f1os y 3 meses, pero eso trabajando 8 horas y yo trabajo 16, por ello, les adelanto que es suficiente para terminar todo el programa&#8221;<\/b><\/p>\n<p><strong>&#8220;Todo est\u00e1 encarrilado, demos su tiempo.Tenemos nacionalizado el petroleo, el control de la electricidad, nacionalizado el litio y el Banco del Bienestar y quedar\u00e1 nacionalizado Internet.&#8221;<\/strong><\/p>\n<p><strong>&#8221; Avanzamos en el Estado del Bienestar y nos hemos comprometidos a que antes de irnos el Derecho a la Salud sea Gratuito y Universal&#8221;.<\/strong><\/p>\n<p><strong>Pero hemos blindado ante la Constituci\u00f3n de que el programa de apoyos a Adultos Mayores, Becas a los Discapacitados, becas a estudiantes con necesidad y programa\u00a0 para que los j\u00f3venes\u00a0 tengan\u00a0<\/strong><b>trabajo, y alejar a la juventud de ser\u00a0buscados\u00a0por el crimen organizado, si alguien en el futuro quieren tirarlos, necesitan\u00a02\/3 de las C\u00e1maras, adem\u00e1s que el pueblo no se dejar\u00eda.<\/b><\/p>\n<p><b>Nunca lo hab\u00edamos\u00a0visto as\u00ed, cuando siente, faltandole 2 a\u00f1os y medio, que sent\u00f3 las bases ya para la cuarta transformaci\u00f3n.<\/b><\/p>\n<p><b>Dec\u00eda el gobernador de Chiapas.&#8221; Quiz\u00e1s en un siglo no hab\u00edamos\u00a0tenido un presidente como este&#8221;.<\/b><\/p>\n<p><b>No se\u00a0nota cansancio, por que es\u00a0estimulado\u00a0con sus logros, siempre so\u00f1ados durante\u00a030 a\u00f1os de lucha, y que tuvo el talento de saber ,\u00a0 el c\u00f3mo..<\/b><\/p>\n<p><b>No es casual que M\u00e9xico sea el\u00a0\u00fanico pa\u00eds de Am\u00e9rica Latina que hizo su independencia\u00a0en\u00a01810, luego la Reforma de la Iglesia en 1857, m\u00e1s tarde la Revoluci\u00f3n en 1910, 7 a\u00f1os antes que la Rusa y ahora la Cuarta Transformaci\u00f3n, en la b\u00fasqueda\u00a0de la DEMOCRACIA POL\u00cdTICA\u00a0Y&#8230;.LA ECON\u00d3MICA.<\/b><\/p>\n<!-- AddThis Advanced Settings generic via filter on the_content --><!-- AddThis Share Buttons generic via filter on the_content -->","protected":false},"excerpt":{"rendered":"<p>En Chiapas, el municipio m\u00e1s grande, Ocosingo, ante la demanda de los pobladores, el\u00a0presidente de la Rep\u00fablica\u00a0Mexicana respondi\u00f3 categ\u00f3rico\u00a0a\u00a0 los pobladores que siguiera..&#8221; No, no, No hay reelecci\u00f3n&#8221;. Acuerden el\u00a0principio de Madero al iniciar la Revoluci\u00f3n\u00a0de 1910. &#8221; SUFRAGIO EFECTIVO, NO REELECCI\u00d3N&#8221;. &#8221; Me quedan\u00a02 a\u00f1os y 3 meses, pero eso trabajando 8 horas y [&hellip;]<!-- AddThis Advanced Settings generic via filter on get_the_excerpt --><!-- AddThis Share Buttons generic via filter on get_the_excerpt --><\/p>\n","protected":false},"author":16,"featured_media":0,"comment_status":"open","ping_status":"closed","sticky":false,"template":"","format":"standard","meta":[],"categories":[1],"tags":[],"_links":{"self":[{"href":"https:\/\/blogs.elcomercio.es\/reflexiones-de-belarmino\/wp-json\/wp\/v2\/posts\/23539"}],"collection":[{"href":"https:\/\/blogs.elcomercio.es\/reflexiones-de-belarmino\/wp-json\/wp\/v2\/posts"}],"about":[{"href":"https:\/\/blogs.elcomercio.es\/reflexiones-de-belarmino\/wp-json\/wp\/v2\/types\/post"}],"author":[{"embeddable":true,"href":"https:\/\/blogs.elcomercio.es\/reflexiones-de-belarmino\/wp-json\/wp\/v2\/users\/16"}],"replies":[{"embeddable":true,"href":"https:\/\/blogs.elcomercio.es\/reflexiones-de-belarmino\/wp-json\/wp\/v2\/comments?post=23539"}],"version-history":[{"count":1,"href":"https:\/\/blogs.elcomercio.es\/reflexiones-de-belarmino\/wp-json\/wp\/v2\/posts\/23539\/revisions"}],"predecessor-version":[{"id":23540,"href":"https:\/\/blogs.elcomercio.es\/reflexiones-de-belarmino\/wp-json\/wp\/v2\/posts\/23539\/revisions\/23540"}],"wp:attachment":[{"href":"https:\/\/blogs.elcomercio.es\/reflexiones-de-belarmino\/wp-json\/wp\/v2\/media?parent=23539"}],"wp:term":[{"taxonomy":"category","embeddable":true,"href":"https:\/\/blogs.elcomercio.es\/reflexiones-de-belarmino\/wp-json\/wp\/v2\/categories?post=23539"},{"taxonomy":"post_tag","embeddable":true,"href":"https:\/\/blogs.elcomercio.es\/reflexiones-de-belarmino\/wp-json\/wp\/v2\/tags?post=23539"}],"curies":[{"name":"wp","href":"https:\/\/api.w.org\/{rel}","templated":true}]}}