{"id":23563,"date":"2022-07-12T10:16:33","date_gmt":"2022-07-12T08:16:33","guid":{"rendered":"https:\/\/blogs.elcomercio.es\/reflexiones-de-belarmino\/?p=23563"},"modified":"2022-07-12T10:16:33","modified_gmt":"2022-07-12T08:16:33","slug":"estamos-viviendo-ya-la-tercera-guerra-mundial-pero-a-pedacitos","status":"publish","type":"post","link":"https:\/\/blogs.elcomercio.es\/reflexiones-de-belarmino\/2022\/07\/12\/estamos-viviendo-ya-la-tercera-guerra-mundial-pero-a-pedacitos\/","title":{"rendered":"\u00a1\u00a1\u00a1\u00a1&#8221;ESTAMOS VIVIENDO YA LA TERCERA GUERRA MUNDIAL PERO A PEDACITOS &#8220;!!!"},"content":{"rendered":"<p><b>&#8220;Ucrania porque\u00a0nos queda m\u00e1s cerca, pero hay guerras\u00a0en todo el mundo y cada d\u00eda el armamento\u00a0aumenta y las tensiones tambi\u00e9n&#8221;, declar\u00f3 ayer el Papa Francisco , que piensa en Kiev, si tras su viaje por Canad\u00e1 el cuerpo le responde.<\/b><\/p>\n<!-- AddThis Advanced Settings generic via filter on the_content --><!-- AddThis Share Buttons generic via filter on the_content -->","protected":false},"excerpt":{"rendered":"<p>&#8220;Ucrania porque\u00a0nos queda m\u00e1s cerca, pero hay guerras\u00a0en todo el mundo y cada d\u00eda el armamento\u00a0aumenta y las tensiones tambi\u00e9n&#8221;, declar\u00f3 ayer el Papa Francisco , que piensa en Kiev, si tras su viaje por Canad\u00e1 el cuerpo le responde.<!-- AddThis Advanced Settings generic via filter on get_the_excerpt --><!-- AddThis Share Buttons generic via filter on get_the_excerpt --><\/p>\n","protected":false},"author":16,"featured_media":0,"comment_status":"open","ping_status":"closed","sticky":false,"template":"","format":"standard","meta":[],"categories":[1],"tags":[],"_links":{"self":[{"href":"https:\/\/blogs.elcomercio.es\/reflexiones-de-belarmino\/wp-json\/wp\/v2\/posts\/23563"}],"collection":[{"href":"https:\/\/blogs.elcomercio.es\/reflexiones-de-belarmino\/wp-json\/wp\/v2\/posts"}],"about":[{"href":"https:\/\/blogs.elcomercio.es\/reflexiones-de-belarmino\/wp-json\/wp\/v2\/types\/post"}],"author":[{"embeddable":true,"href":"https:\/\/blogs.elcomercio.es\/reflexiones-de-belarmino\/wp-json\/wp\/v2\/users\/16"}],"replies":[{"embeddable":true,"href":"https:\/\/blogs.elcomercio.es\/reflexiones-de-belarmino\/wp-json\/wp\/v2\/comments?post=23563"}],"version-history":[{"count":1,"href":"https:\/\/blogs.elcomercio.es\/reflexiones-de-belarmino\/wp-json\/wp\/v2\/posts\/23563\/revisions"}],"predecessor-version":[{"id":23564,"href":"https:\/\/blogs.elcomercio.es\/reflexiones-de-belarmino\/wp-json\/wp\/v2\/posts\/23563\/revisions\/23564"}],"wp:attachment":[{"href":"https:\/\/blogs.elcomercio.es\/reflexiones-de-belarmino\/wp-json\/wp\/v2\/media?parent=23563"}],"wp:term":[{"taxonomy":"category","embeddable":true,"href":"https:\/\/blogs.elcomercio.es\/reflexiones-de-belarmino\/wp-json\/wp\/v2\/categories?post=23563"},{"taxonomy":"post_tag","embeddable":true,"href":"https:\/\/blogs.elcomercio.es\/reflexiones-de-belarmino\/wp-json\/wp\/v2\/tags?post=23563"}],"curies":[{"name":"wp","href":"https:\/\/api.w.org\/{rel}","templated":true}]}}