{"id":23565,"date":"2022-07-12T10:56:34","date_gmt":"2022-07-12T08:56:34","guid":{"rendered":"https:\/\/blogs.elcomercio.es\/reflexiones-de-belarmino\/?p=23565"},"modified":"2022-07-12T10:56:34","modified_gmt":"2022-07-12T08:56:34","slug":"mientras-catalina-la-grande-extendia-su-imperio-ee-uu-declararon-su-independencia-y-francia-su-revolucion","status":"publish","type":"post","link":"https:\/\/blogs.elcomercio.es\/reflexiones-de-belarmino\/2022\/07\/12\/mientras-catalina-la-grande-extendia-su-imperio-ee-uu-declararon-su-independencia-y-francia-su-revolucion\/","title":{"rendered":"\u00a1\u00a1\u00a1\u00a1MIENTRAS CATALINA LA GRANDE EXTEND\u00cdA SU IMPERIO, EE.UU. DECLARARON SU INDEPENDENCIA Y FRANCIA SU REVOLUCI\u00d3N !!!"},"content":{"rendered":"<p><b>Mientras la &#8220;voluptuosa&#8221; Catalina la Grande expand\u00eda\u00a0el imperio ruso, se llamaba la Madre de todas las Rusias, y manten\u00eda\u00a0el sistema de\u00a0los zares antidemocr\u00e1tico, hasta hoy(Stalin y Putin)\u00a0entre ellos, en 1776, al otro lado del Atl\u00e1ntico 56 congresistas con Jefferson, Adams y Franklin DECLARABAN LA INDEPENDENCIA del primer sistema POL\u00cdTICA, LIBERAL Y POL\u00cdTICO\u00a0DEL MUNDO, creando la democracia m\u00e1s importante del mundo y en 1789 el pueblo franc\u00e9s\u00a0hacia la primera Revoluci\u00f3n del mundo.<\/b><\/p>\n<p><strong>Pero partiendo de esa base, nada que envidiarle a Rusia y a Putin, pero eso no deja de poder ubicar lo que pasa all\u00ed.<\/strong><\/p>\n<p><b>Pero es que mientras Rusia mantiene\u00a0el viejo sistema, m\u00e1s poderosa que nunca, en su decadencia el otrora ejemplo de Jefferson, Washington y Lincoln\u00a0hace aguas, devorado por sus propios intereses militares\u00a0y econ\u00f3micos. y comt\u00e9 barbaridades como cercar a un enemigo, como si fuera Somalia.<\/b><\/p>\n<p><strong>De aquellos lodos, son estos polvos.<\/strong><\/p>\n<p><b>Una cosa es el an\u00e1lisis y otra lo que significan Rusia y Estados Unidos en la actualidad, y c\u00f3mo\u00a0ayudados por Europa, los norteamericanos presiden\u00a0, creados por ellos, uno de los dos bloques en que esta dividida la humanidad y sus pr\u00f3ximos\u00a08,000 millones de habitantes.<\/b><\/p>\n<p><b>Rusia, m\u00e1s fuerte, se comer\u00e1 a Ucrania; habr\u00e1 fortalecido su relaci\u00f3n con China. Estados Unidos ser\u00e1 mas fuerte econ\u00f3mica\u00a0y militarmente y en medio &#8220;las grandes democracias&#8221; que por un momento sintieron que volv\u00edan a la lucha contra el mal, sin saber que ser\u00e1n los grandes perdedores.<\/b><\/p>\n<p><b>Pronto sabremos el papel de Zelenski y del hijo de Biden, en este movimientos de centenares de miles de millones que andan por el mundo\u00a0sin control, m\u00e1s que para enfrentar &#8220;al mal&#8221;.<\/b><\/p>\n<p>&nbsp;<\/p>\n<p>&nbsp;<\/p>\n<!-- AddThis Advanced Settings generic via filter on the_content --><!-- AddThis Share Buttons generic via filter on the_content -->","protected":false},"excerpt":{"rendered":"<p>Mientras la &#8220;voluptuosa&#8221; Catalina la Grande expand\u00eda\u00a0el imperio ruso, se llamaba la Madre de todas las Rusias, y manten\u00eda\u00a0el sistema de\u00a0los zares antidemocr\u00e1tico, hasta hoy(Stalin y Putin)\u00a0entre ellos, en 1776, al otro lado del Atl\u00e1ntico 56 congresistas con Jefferson, Adams y Franklin DECLARABAN LA INDEPENDENCIA del primer sistema POL\u00cdTICA, LIBERAL Y POL\u00cdTICO\u00a0DEL MUNDO, creando la [&hellip;]<!-- AddThis Advanced Settings generic via filter on get_the_excerpt --><!-- AddThis Share Buttons generic via filter on get_the_excerpt --><\/p>\n","protected":false},"author":16,"featured_media":0,"comment_status":"open","ping_status":"closed","sticky":false,"template":"","format":"standard","meta":[],"categories":[1],"tags":[],"_links":{"self":[{"href":"https:\/\/blogs.elcomercio.es\/reflexiones-de-belarmino\/wp-json\/wp\/v2\/posts\/23565"}],"collection":[{"href":"https:\/\/blogs.elcomercio.es\/reflexiones-de-belarmino\/wp-json\/wp\/v2\/posts"}],"about":[{"href":"https:\/\/blogs.elcomercio.es\/reflexiones-de-belarmino\/wp-json\/wp\/v2\/types\/post"}],"author":[{"embeddable":true,"href":"https:\/\/blogs.elcomercio.es\/reflexiones-de-belarmino\/wp-json\/wp\/v2\/users\/16"}],"replies":[{"embeddable":true,"href":"https:\/\/blogs.elcomercio.es\/reflexiones-de-belarmino\/wp-json\/wp\/v2\/comments?post=23565"}],"version-history":[{"count":2,"href":"https:\/\/blogs.elcomercio.es\/reflexiones-de-belarmino\/wp-json\/wp\/v2\/posts\/23565\/revisions"}],"predecessor-version":[{"id":23567,"href":"https:\/\/blogs.elcomercio.es\/reflexiones-de-belarmino\/wp-json\/wp\/v2\/posts\/23565\/revisions\/23567"}],"wp:attachment":[{"href":"https:\/\/blogs.elcomercio.es\/reflexiones-de-belarmino\/wp-json\/wp\/v2\/media?parent=23565"}],"wp:term":[{"taxonomy":"category","embeddable":true,"href":"https:\/\/blogs.elcomercio.es\/reflexiones-de-belarmino\/wp-json\/wp\/v2\/categories?post=23565"},{"taxonomy":"post_tag","embeddable":true,"href":"https:\/\/blogs.elcomercio.es\/reflexiones-de-belarmino\/wp-json\/wp\/v2\/tags?post=23565"}],"curies":[{"name":"wp","href":"https:\/\/api.w.org\/{rel}","templated":true}]}}