{"id":23568,"date":"2022-07-12T11:06:35","date_gmt":"2022-07-12T09:06:35","guid":{"rendered":"https:\/\/blogs.elcomercio.es\/reflexiones-de-belarmino\/?p=23568"},"modified":"2022-07-12T11:06:35","modified_gmt":"2022-07-12T09:06:35","slug":"espana-ante-un-futuro-incierto-con-los-fantasmas-del-pasado-no-resuelto-son-obstaculos","status":"publish","type":"post","link":"https:\/\/blogs.elcomercio.es\/reflexiones-de-belarmino\/2022\/07\/12\/espana-ante-un-futuro-incierto-con-los-fantasmas-del-pasado-no-resuelto-son-obstaculos\/","title":{"rendered":"\u00a1\u00a1\u00a1\u00a1ESPA\u00d1A ANTE UN FUTURO INCIERTO CON LOS FANTASMAS DEL PASADO NO RESUELTO, SON OBST\u00c1CULOS !!!"},"content":{"rendered":"<p><b>Empieza el Debate de la\u00a0Naci\u00f3n, con un pais profundamente dividido.Una parte tratando de salir lo mejor parados de la crisis mundial, con la complicaci\u00f3n de una coalici\u00f3n que no ha encajado pero que es la \u00fanica soluci\u00f3n. La otra tratando\u00a0 de tomar el poder, as\u00ed haya que destruir Espa\u00f1a, &#8220;por que luego ellos lo reconstruyen &#8220;.<\/b><\/p>\n<p><strong>Nuestros tristes oscuros, ante tantos claros de 4 siglos.<\/strong><\/p>\n<p><b>Ruido, ruido, enfrentamiento tras enfrentamiento, mientras la vida pasa implacable ante el Cambio\u00a0Clim\u00e1tico, la crisis del gas, la inflaci\u00f3n y sobre todos los conflictos sociales que vendr\u00e1n.<\/b><\/p>\n<p><b>Vamos a cambio de un ciclo hist\u00f3rico pero en el camino todo empedrado, dejar\u00e1 muchas v\u00edctimas, de d\u00f3nde\u00a0puede salir la futura Espa\u00f1a.<\/b><\/p>\n<p><strong>2022 y 2023, el escenario.<\/strong><\/p>\n<p>&nbsp;<\/p>\n<p>&nbsp;<\/p>\n<!-- AddThis Advanced Settings generic via filter on the_content --><!-- AddThis Share Buttons generic via filter on the_content -->","protected":false},"excerpt":{"rendered":"<p>Empieza el Debate de la\u00a0Naci\u00f3n, con un pais profundamente dividido.Una parte tratando de salir lo mejor parados de la crisis mundial, con la complicaci\u00f3n de una coalici\u00f3n que no ha encajado pero que es la \u00fanica soluci\u00f3n. La otra tratando\u00a0 de tomar el poder, as\u00ed haya que destruir Espa\u00f1a, &#8220;por que luego ellos lo reconstruyen [&hellip;]<!-- AddThis Advanced Settings generic via filter on get_the_excerpt --><!-- AddThis Share Buttons generic via filter on get_the_excerpt --><\/p>\n","protected":false},"author":16,"featured_media":0,"comment_status":"open","ping_status":"closed","sticky":false,"template":"","format":"standard","meta":[],"categories":[1],"tags":[],"_links":{"self":[{"href":"https:\/\/blogs.elcomercio.es\/reflexiones-de-belarmino\/wp-json\/wp\/v2\/posts\/23568"}],"collection":[{"href":"https:\/\/blogs.elcomercio.es\/reflexiones-de-belarmino\/wp-json\/wp\/v2\/posts"}],"about":[{"href":"https:\/\/blogs.elcomercio.es\/reflexiones-de-belarmino\/wp-json\/wp\/v2\/types\/post"}],"author":[{"embeddable":true,"href":"https:\/\/blogs.elcomercio.es\/reflexiones-de-belarmino\/wp-json\/wp\/v2\/users\/16"}],"replies":[{"embeddable":true,"href":"https:\/\/blogs.elcomercio.es\/reflexiones-de-belarmino\/wp-json\/wp\/v2\/comments?post=23568"}],"version-history":[{"count":2,"href":"https:\/\/blogs.elcomercio.es\/reflexiones-de-belarmino\/wp-json\/wp\/v2\/posts\/23568\/revisions"}],"predecessor-version":[{"id":23570,"href":"https:\/\/blogs.elcomercio.es\/reflexiones-de-belarmino\/wp-json\/wp\/v2\/posts\/23568\/revisions\/23570"}],"wp:attachment":[{"href":"https:\/\/blogs.elcomercio.es\/reflexiones-de-belarmino\/wp-json\/wp\/v2\/media?parent=23568"}],"wp:term":[{"taxonomy":"category","embeddable":true,"href":"https:\/\/blogs.elcomercio.es\/reflexiones-de-belarmino\/wp-json\/wp\/v2\/categories?post=23568"},{"taxonomy":"post_tag","embeddable":true,"href":"https:\/\/blogs.elcomercio.es\/reflexiones-de-belarmino\/wp-json\/wp\/v2\/tags?post=23568"}],"curies":[{"name":"wp","href":"https:\/\/api.w.org\/{rel}","templated":true}]}}