{"id":23597,"date":"2022-07-13T10:27:03","date_gmt":"2022-07-13T08:27:03","guid":{"rendered":"https:\/\/blogs.elcomercio.es\/reflexiones-de-belarmino\/?p=23597"},"modified":"2022-07-13T10:27:03","modified_gmt":"2022-07-13T08:27:03","slug":"si-vienen-por-mi-voy-con-todo-el-debate-del-estado-de-la-nacion","status":"publish","type":"post","link":"https:\/\/blogs.elcomercio.es\/reflexiones-de-belarmino\/2022\/07\/13\/si-vienen-por-mi-voy-con-todo-el-debate-del-estado-de-la-nacion\/","title":{"rendered":"\u00a1\u00a1\u00a1\u00a1&#8221;SI VIENEN POR MI, VOY CON TODO &#8220;. EL DEBATE DEL ESTADO DE LA  NACI\u00d3N  !!!"},"content":{"rendered":"<p><b>Ayer empez\u00f3 el debate sobre\u00a0 el Estado de\u00a0la Naci\u00f3n y se dibujaron las dos posiciones\u00a0enfrentadas.El Gobierno de Coalici\u00f3n, los partidos que la conforman est\u00e1n claros de que el Partido Popular,Vox y Ciudadanos tienen un objetivo \u00fanico: Acabar con el Gobierno actual.Por ello la respuesta sintetizada es &#8220;VIENEN POR NOSOTROS VAMOS CON TODO &#8220;.<\/b><\/p>\n<p><b>Y ah\u00ed se engloban\u00a0horas de discusi\u00f3n\u00a0enfrentamientos, con un gobierno\u00a0de coalici\u00f3n que di\u00f3 un Golpe de Tim\u00f3n, donde se enfrent\u00f3 por primera vez a los grandes intereses econ\u00f3micos\u00a0del pa\u00eds, que no hab\u00edan sido tocados en 40 a\u00f1os, la banca y las\u00a0el\u00e9ctricas agregando medidas\u00a0sociales necesarias para los pr\u00f3ximos meses y que podr\u00e1n extenderse, por una parte y una oposici\u00f3n que busca tirar al gobierno aprovechando los problemas econ\u00f3micos\u00a0mundiales.<\/b><\/p>\n<p><b>&#8221; Cuando lleguemos acabaremos con todos los acuerdos\u00a0de este siniestro gobierno que quiere acabar con Espa\u00f1a, como\u00a0lo hizo asesinando a Calvo Sotelo en 1936(sic)&#8221;, solt\u00f3 Abascal, a quien Pedro S\u00e1nchez les pidi\u00f3\u00a0&#8220;que no salgan del armario de la historia&#8221;, y las palabras, agresivas, duras, como las\u00a0de un Abascal fuera del Gabriel\u00a0Rufi\u00e1n, o si aplaudi\u00f3 o no Yolanda D\u00edaz\u00a0son parte de la an\u00e9cdota\u00a0parlamentaria.<\/b><\/p>\n<p><b>Las l\u00edneas\u00a0para\u00a0 2022 y 2023, est\u00e1n trazadas.<\/b><\/p>\n<p><b>Este gobierno tendr\u00e1 el apoyo\u00a0de la mayor\u00eda\u00a0parlamentaria hasta la municipales.<\/b><\/p>\n<p><strong>Del resultado de ellas depender\u00e1 el 2024.<\/strong><\/p>\n<p><b>El gobierno tiene en contra la crisis mundial que va a golpear a las mayor\u00edas, pero la ventaja es que tienen la mayor\u00eda\u00a0parlamentaria, La Moncloa, los presupuestos y el BOE.<\/b><\/p>\n<p>&nbsp;<\/p>\n<p>&nbsp;<\/p>\n<!-- AddThis Advanced Settings generic via filter on the_content --><!-- AddThis Share Buttons generic via filter on the_content -->","protected":false},"excerpt":{"rendered":"<p>Ayer empez\u00f3 el debate sobre\u00a0 el Estado de\u00a0la Naci\u00f3n y se dibujaron las dos posiciones\u00a0enfrentadas.El Gobierno de Coalici\u00f3n, los partidos que la conforman est\u00e1n claros de que el Partido Popular,Vox y Ciudadanos tienen un objetivo \u00fanico: Acabar con el Gobierno actual.Por ello la respuesta sintetizada es &#8220;VIENEN POR NOSOTROS VAMOS CON TODO &#8220;. Y ah\u00ed [&hellip;]<!-- AddThis Advanced Settings generic via filter on get_the_excerpt --><!-- AddThis Share Buttons generic via filter on get_the_excerpt --><\/p>\n","protected":false},"author":16,"featured_media":0,"comment_status":"open","ping_status":"closed","sticky":false,"template":"","format":"standard","meta":[],"categories":[1],"tags":[],"_links":{"self":[{"href":"https:\/\/blogs.elcomercio.es\/reflexiones-de-belarmino\/wp-json\/wp\/v2\/posts\/23597"}],"collection":[{"href":"https:\/\/blogs.elcomercio.es\/reflexiones-de-belarmino\/wp-json\/wp\/v2\/posts"}],"about":[{"href":"https:\/\/blogs.elcomercio.es\/reflexiones-de-belarmino\/wp-json\/wp\/v2\/types\/post"}],"author":[{"embeddable":true,"href":"https:\/\/blogs.elcomercio.es\/reflexiones-de-belarmino\/wp-json\/wp\/v2\/users\/16"}],"replies":[{"embeddable":true,"href":"https:\/\/blogs.elcomercio.es\/reflexiones-de-belarmino\/wp-json\/wp\/v2\/comments?post=23597"}],"version-history":[{"count":3,"href":"https:\/\/blogs.elcomercio.es\/reflexiones-de-belarmino\/wp-json\/wp\/v2\/posts\/23597\/revisions"}],"predecessor-version":[{"id":23600,"href":"https:\/\/blogs.elcomercio.es\/reflexiones-de-belarmino\/wp-json\/wp\/v2\/posts\/23597\/revisions\/23600"}],"wp:attachment":[{"href":"https:\/\/blogs.elcomercio.es\/reflexiones-de-belarmino\/wp-json\/wp\/v2\/media?parent=23597"}],"wp:term":[{"taxonomy":"category","embeddable":true,"href":"https:\/\/blogs.elcomercio.es\/reflexiones-de-belarmino\/wp-json\/wp\/v2\/categories?post=23597"},{"taxonomy":"post_tag","embeddable":true,"href":"https:\/\/blogs.elcomercio.es\/reflexiones-de-belarmino\/wp-json\/wp\/v2\/tags?post=23597"}],"curies":[{"name":"wp","href":"https:\/\/api.w.org\/{rel}","templated":true}]}}