{"id":23601,"date":"2022-07-13T11:53:28","date_gmt":"2022-07-13T09:53:28","guid":{"rendered":"https:\/\/blogs.elcomercio.es\/reflexiones-de-belarmino\/?p=23601"},"modified":"2022-07-13T11:53:28","modified_gmt":"2022-07-13T09:53:28","slug":"acuerdos-bilaterales-para-reforma-de-inmigracion-profunda-y-lucha-conjunta-contra-a-la-inflacion","status":"publish","type":"post","link":"https:\/\/blogs.elcomercio.es\/reflexiones-de-belarmino\/2022\/07\/13\/acuerdos-bilaterales-para-reforma-de-inmigracion-profunda-y-lucha-conjunta-contra-a-la-inflacion\/","title":{"rendered":"\u00a1\u00a1\u00a1ACUERDOS BILATERALES PARA REFORMA DE INMIGRACI\u00d3N PROFUNDA Y LUCHA CONJUNTA CONTRA A LA INFLACI\u00d3N !!!!!!"},"content":{"rendered":"<p><b>Satisfactorios\u00a0 resultados para ambos paises surgieron ayer de la entrevista entre Biden y L\u00f3pez Obrador. Fundamentalmente se crearon\u00a0las bases para\u00a0una profunda reforma migratoria y una lucha conjunta contra la inflaci\u00f3n.<\/b><\/p>\n<p><b>&#8220;Perseguiremos a los multimillonarios\u00a0de negocios\u00a0de aquellos\u00a0que trafican con la emigraci\u00f3n&#8221; dijo Biden&#8221; as\u00ed como la venta ilegal de armas\u00a0de EE:UU a M\u00e9xico que son usados por el crimen organizado.Adem\u00e1s se luchar\u00e1 contra la penetraci\u00f3n entre ambos paises, venidos de Asia, del Fentanilo, hoy por hoy, la droga m\u00e1s peligrosa\u00a0en el mundo.<\/b><\/p>\n<p><b>M\u00e9xico comprar\u00e1 a bajo precio 20,000 de toneladas de leche en\u00a0 polvo que ayudar\u00e1n a las familias m\u00e1s necesitadas y un mill\u00f3n\u00a0de toneladas de fertilizantes.<\/b><\/p>\n<p><b>Mientras vuela hoy Biden a Israel, Cisjordania y Arabia Saudita, los grupos de trabajo\u00a0de ambas delegaciones materializan los acuerdos, el presidente mexicano asiste\u00a0invitado por el Consejo Empresarial Mexicano, donde est\u00e1n los m\u00e1s poderosos empresarios, a la reuni\u00f3n de \u00e9stos, con sus pares de los Estados Unidos.<\/b><\/p>\n<p><strong>Ah\u00ed se definir\u00e1n las inversiones en infraestructura y negocios en el Corredor\u00a0<\/strong><b>Trans\u00edstmico que se terminar\u00e1 antes de finales del 2023.<\/b><\/p>\n<p>&nbsp;<\/p>\n<!-- AddThis Advanced Settings generic via filter on the_content --><!-- AddThis Share Buttons generic via filter on the_content -->","protected":false},"excerpt":{"rendered":"<p>Satisfactorios\u00a0 resultados para ambos paises surgieron ayer de la entrevista entre Biden y L\u00f3pez Obrador. Fundamentalmente se crearon\u00a0las bases para\u00a0una profunda reforma migratoria y una lucha conjunta contra la inflaci\u00f3n. &#8220;Perseguiremos a los multimillonarios\u00a0de negocios\u00a0de aquellos\u00a0que trafican con la emigraci\u00f3n&#8221; dijo Biden&#8221; as\u00ed como la venta ilegal de armas\u00a0de EE:UU a M\u00e9xico que son usados [&hellip;]<!-- AddThis Advanced Settings generic via filter on get_the_excerpt --><!-- AddThis Share Buttons generic via filter on get_the_excerpt --><\/p>\n","protected":false},"author":16,"featured_media":0,"comment_status":"open","ping_status":"closed","sticky":false,"template":"","format":"standard","meta":[],"categories":[1],"tags":[],"_links":{"self":[{"href":"https:\/\/blogs.elcomercio.es\/reflexiones-de-belarmino\/wp-json\/wp\/v2\/posts\/23601"}],"collection":[{"href":"https:\/\/blogs.elcomercio.es\/reflexiones-de-belarmino\/wp-json\/wp\/v2\/posts"}],"about":[{"href":"https:\/\/blogs.elcomercio.es\/reflexiones-de-belarmino\/wp-json\/wp\/v2\/types\/post"}],"author":[{"embeddable":true,"href":"https:\/\/blogs.elcomercio.es\/reflexiones-de-belarmino\/wp-json\/wp\/v2\/users\/16"}],"replies":[{"embeddable":true,"href":"https:\/\/blogs.elcomercio.es\/reflexiones-de-belarmino\/wp-json\/wp\/v2\/comments?post=23601"}],"version-history":[{"count":2,"href":"https:\/\/blogs.elcomercio.es\/reflexiones-de-belarmino\/wp-json\/wp\/v2\/posts\/23601\/revisions"}],"predecessor-version":[{"id":23603,"href":"https:\/\/blogs.elcomercio.es\/reflexiones-de-belarmino\/wp-json\/wp\/v2\/posts\/23601\/revisions\/23603"}],"wp:attachment":[{"href":"https:\/\/blogs.elcomercio.es\/reflexiones-de-belarmino\/wp-json\/wp\/v2\/media?parent=23601"}],"wp:term":[{"taxonomy":"category","embeddable":true,"href":"https:\/\/blogs.elcomercio.es\/reflexiones-de-belarmino\/wp-json\/wp\/v2\/categories?post=23601"},{"taxonomy":"post_tag","embeddable":true,"href":"https:\/\/blogs.elcomercio.es\/reflexiones-de-belarmino\/wp-json\/wp\/v2\/tags?post=23601"}],"curies":[{"name":"wp","href":"https:\/\/api.w.org\/{rel}","templated":true}]}}