{"id":23638,"date":"2022-07-14T19:08:27","date_gmt":"2022-07-14T17:08:27","guid":{"rendered":"https:\/\/blogs.elcomercio.es\/reflexiones-de-belarmino\/?p=23638"},"modified":"2022-07-14T19:08:27","modified_gmt":"2022-07-14T17:08:27","slug":"ademas-de-los-avances-en-la-regularizacion-de-la-migracion-lopez-obrador-trajo-40000-millones-de-dolares-de-inversiones","status":"publish","type":"post","link":"https:\/\/blogs.elcomercio.es\/reflexiones-de-belarmino\/2022\/07\/14\/ademas-de-los-avances-en-la-regularizacion-de-la-migracion-lopez-obrador-trajo-40000-millones-de-dolares-de-inversiones\/","title":{"rendered":"\u00a1\u00a1\u00a1\u00a1ADEMAS DE LOS AVANCES EN LA REGULARIZACI\u00d3N DE LA MIGRACI\u00d3N, L\u00d3PEZ OBRADOR TRAJO 40,000 MILLONES DE D\u00d3LARES DE INVERSIONES!!"},"content":{"rendered":"<p><b>Pues el presidente de M\u00e9xico, en d\u00eda y medio en Washington, reforz\u00f3 la acci\u00f3n\u00a0conjunta de los dos paises para regular la emigraci\u00f3n, y multiplicar las\u00a0visas temporales y otras materias que hemos se\u00f1alado aqu\u00ed, sino que hoy se inform\u00f3 que en la reuni\u00f3n con los empresarios mexicanos,presididos por Carlos Slim, con sus pares norteamericanos, se obtuvieron\u00a040,000 millones de d\u00f3lares de empresarios\u00a0de Estados\u00a0Unidos en M\u00e9xico, sobre todo en el proyecto Trans\u00edstmico\u00a0.<\/b><\/p>\n<p><b>Marco Rubio y Ted Cruz, senadores\u00a0del exilio cubano, seguidores de Trump, que no le perdonan a L\u00f3pez Obrador el apoyo de siempre a Cuba y su gobierno, se la est\u00e1n yendo a la yugular.<\/b><\/p>\n<p><b>Quiz\u00e1s, no leyeron nunca el libro de Alexander Haig\u00a0secretario de la Defensa de Ronald Reagan, bestseller\u00a0en el 2,000, titulado &#8221; LA PR\u00d3XIMA\u00a0GUERRA &#8220;.<\/b><\/p>\n<p><strong>Ma\u00f1ana voy a explicar las tesis de este libro, no hecho por cualquiera.<\/strong><\/p>\n<p>&nbsp;<\/p>\n<!-- AddThis Advanced Settings generic via filter on the_content --><!-- AddThis Share Buttons generic via filter on the_content -->","protected":false},"excerpt":{"rendered":"<p>Pues el presidente de M\u00e9xico, en d\u00eda y medio en Washington, reforz\u00f3 la acci\u00f3n\u00a0conjunta de los dos paises para regular la emigraci\u00f3n, y multiplicar las\u00a0visas temporales y otras materias que hemos se\u00f1alado aqu\u00ed, sino que hoy se inform\u00f3 que en la reuni\u00f3n con los empresarios mexicanos,presididos por Carlos Slim, con sus pares norteamericanos, se obtuvieron\u00a040,000 [&hellip;]<!-- AddThis Advanced Settings generic via filter on get_the_excerpt --><!-- AddThis Share Buttons generic via filter on get_the_excerpt --><\/p>\n","protected":false},"author":16,"featured_media":0,"comment_status":"open","ping_status":"closed","sticky":false,"template":"","format":"standard","meta":[],"categories":[1],"tags":[],"_links":{"self":[{"href":"https:\/\/blogs.elcomercio.es\/reflexiones-de-belarmino\/wp-json\/wp\/v2\/posts\/23638"}],"collection":[{"href":"https:\/\/blogs.elcomercio.es\/reflexiones-de-belarmino\/wp-json\/wp\/v2\/posts"}],"about":[{"href":"https:\/\/blogs.elcomercio.es\/reflexiones-de-belarmino\/wp-json\/wp\/v2\/types\/post"}],"author":[{"embeddable":true,"href":"https:\/\/blogs.elcomercio.es\/reflexiones-de-belarmino\/wp-json\/wp\/v2\/users\/16"}],"replies":[{"embeddable":true,"href":"https:\/\/blogs.elcomercio.es\/reflexiones-de-belarmino\/wp-json\/wp\/v2\/comments?post=23638"}],"version-history":[{"count":1,"href":"https:\/\/blogs.elcomercio.es\/reflexiones-de-belarmino\/wp-json\/wp\/v2\/posts\/23638\/revisions"}],"predecessor-version":[{"id":23639,"href":"https:\/\/blogs.elcomercio.es\/reflexiones-de-belarmino\/wp-json\/wp\/v2\/posts\/23638\/revisions\/23639"}],"wp:attachment":[{"href":"https:\/\/blogs.elcomercio.es\/reflexiones-de-belarmino\/wp-json\/wp\/v2\/media?parent=23638"}],"wp:term":[{"taxonomy":"category","embeddable":true,"href":"https:\/\/blogs.elcomercio.es\/reflexiones-de-belarmino\/wp-json\/wp\/v2\/categories?post=23638"},{"taxonomy":"post_tag","embeddable":true,"href":"https:\/\/blogs.elcomercio.es\/reflexiones-de-belarmino\/wp-json\/wp\/v2\/tags?post=23638"}],"curies":[{"name":"wp","href":"https:\/\/api.w.org\/{rel}","templated":true}]}}