{"id":23662,"date":"2022-07-16T09:37:21","date_gmt":"2022-07-16T07:37:21","guid":{"rendered":"https:\/\/blogs.elcomercio.es\/reflexiones-de-belarmino\/?p=23662"},"modified":"2022-07-16T09:37:21","modified_gmt":"2022-07-16T07:37:21","slug":"cae-el-narco-mas-buscado-por-ee-uu-rafael-caro-quintero","status":"publish","type":"post","link":"https:\/\/blogs.elcomercio.es\/reflexiones-de-belarmino\/2022\/07\/16\/cae-el-narco-mas-buscado-por-ee-uu-rafael-caro-quintero\/","title":{"rendered":"\u00a1\u00a1\u00a1\u00a1\u00a1\u00a1\u00a1 CAE EL NARCO M\u00c1S BUSCADO POR EE.UU. : RAFAEL CARO QUINTERO !!!!!"},"content":{"rendered":"<p><b>El narcotraficante\u00a0m\u00e1s buscado\u00a0por\u00a0los Estados Unidos Rafael Caro Quintero fue detenido ayer y se proceder\u00e1 a su extradici\u00f3n\u00a0a los Estados Unidos.<\/b><\/p>\n<p><b>Hist\u00f3rico, el segundo\u00a0del &#8221; Chapo&#8221; Guzm\u00e1n, evadido 15 a\u00f1os, cerebro del C\u00e1rtel\u00a0de Sinaloa, tras la c\u00e1rcel\u00a0en\u00a0 Estados Unidos.<\/b><\/p>\n<p><b>A los 69 a\u00f1os, se hab\u00eda\u00a0librado de la c\u00e1rcel\u00a0de 23 horas con luz, aislado del mundo de por vida que sufre el Chapo.<\/b><\/p>\n<p><b>No hay nada peor para un narco que ser\u00a0extraditado a EE:UU., final de su carrera y su vida.<\/b><\/p>\n<p><b>La detenci\u00f3n se produce a tres d\u00edas del encuentro Biden- L\u00f3pez Obrador y ahora ambos gobiernos van por enjuiciar\u00a0dentro de aquel pa\u00eds al cerebro de narco en \u00e9pocas de Felipe Calder\u00f3n, Sergio Garc\u00eda Luna, sabedor de todo lo que hizo aquel ex presidente guia y modelo para Casado y Ayuso.<\/b><\/p>\n<p><b>Compa\u00f1ero presidiendo la C\u00e1mara\u00a0de Diputados de la LV Legislatura, siempre he tenido a Felipe\u00a0Calder\u00f3n como un mediocre. Pero el Mario Conde mexicano Cabal Peniche lo llev\u00f3 a la presidencia junto con Vicente Fox.<\/b><\/p>\n<p><b>El hombre que permiti\u00f3\u00a0la entrada de Iberdrola en M\u00e9xico y luego pas\u00f3 a su Consejo de Administraci\u00f3n, hoy est\u00e1 ,aun, m\u00e1s\u00a0preocupado.<\/b><\/p>\n<!-- AddThis Advanced Settings generic via filter on the_content --><!-- AddThis Share Buttons generic via filter on the_content -->","protected":false},"excerpt":{"rendered":"<p>El narcotraficante\u00a0m\u00e1s buscado\u00a0por\u00a0los Estados Unidos Rafael Caro Quintero fue detenido ayer y se proceder\u00e1 a su extradici\u00f3n\u00a0a los Estados Unidos. Hist\u00f3rico, el segundo\u00a0del &#8221; Chapo&#8221; Guzm\u00e1n, evadido 15 a\u00f1os, cerebro del C\u00e1rtel\u00a0de Sinaloa, tras la c\u00e1rcel\u00a0en\u00a0 Estados Unidos. A los 69 a\u00f1os, se hab\u00eda\u00a0librado de la c\u00e1rcel\u00a0de 23 horas con luz, aislado del mundo de [&hellip;]<!-- AddThis Advanced Settings generic via filter on get_the_excerpt --><!-- AddThis Share Buttons generic via filter on get_the_excerpt --><\/p>\n","protected":false},"author":16,"featured_media":0,"comment_status":"open","ping_status":"closed","sticky":false,"template":"","format":"standard","meta":[],"categories":[1],"tags":[],"_links":{"self":[{"href":"https:\/\/blogs.elcomercio.es\/reflexiones-de-belarmino\/wp-json\/wp\/v2\/posts\/23662"}],"collection":[{"href":"https:\/\/blogs.elcomercio.es\/reflexiones-de-belarmino\/wp-json\/wp\/v2\/posts"}],"about":[{"href":"https:\/\/blogs.elcomercio.es\/reflexiones-de-belarmino\/wp-json\/wp\/v2\/types\/post"}],"author":[{"embeddable":true,"href":"https:\/\/blogs.elcomercio.es\/reflexiones-de-belarmino\/wp-json\/wp\/v2\/users\/16"}],"replies":[{"embeddable":true,"href":"https:\/\/blogs.elcomercio.es\/reflexiones-de-belarmino\/wp-json\/wp\/v2\/comments?post=23662"}],"version-history":[{"count":2,"href":"https:\/\/blogs.elcomercio.es\/reflexiones-de-belarmino\/wp-json\/wp\/v2\/posts\/23662\/revisions"}],"predecessor-version":[{"id":23664,"href":"https:\/\/blogs.elcomercio.es\/reflexiones-de-belarmino\/wp-json\/wp\/v2\/posts\/23662\/revisions\/23664"}],"wp:attachment":[{"href":"https:\/\/blogs.elcomercio.es\/reflexiones-de-belarmino\/wp-json\/wp\/v2\/media?parent=23662"}],"wp:term":[{"taxonomy":"category","embeddable":true,"href":"https:\/\/blogs.elcomercio.es\/reflexiones-de-belarmino\/wp-json\/wp\/v2\/categories?post=23662"},{"taxonomy":"post_tag","embeddable":true,"href":"https:\/\/blogs.elcomercio.es\/reflexiones-de-belarmino\/wp-json\/wp\/v2\/tags?post=23662"}],"curies":[{"name":"wp","href":"https:\/\/api.w.org\/{rel}","templated":true}]}}