{"id":23703,"date":"2022-07-18T11:09:30","date_gmt":"2022-07-18T09:09:30","guid":{"rendered":"https:\/\/blogs.elcomercio.es\/reflexiones-de-belarmino\/?p=23703"},"modified":"2022-07-18T11:09:30","modified_gmt":"2022-07-18T09:09:30","slug":"la-renuncia-de-adriana-lastra-un-indicio-de-los-cambios-en-el-psoe-para-el-futuro","status":"publish","type":"post","link":"https:\/\/blogs.elcomercio.es\/reflexiones-de-belarmino\/2022\/07\/18\/la-renuncia-de-adriana-lastra-un-indicio-de-los-cambios-en-el-psoe-para-el-futuro\/","title":{"rendered":"\u00a1\u00a1\u00a1\u00a1LA RENUNCIA DE ADRIANA LASTRA UN INDICIO DE LOS CAMBIOS EN EL PSOE PARA EL FUTURO !!!"},"content":{"rendered":"<p><b>Parece que era un secreto a voces las tensiones internas dentro de la Ejecutiva del Partido Socialista Obrero Espa\u00f1ol;sin embargo la renuncia &#8220;por\u00a0 asuntos personales&#8221; de Adriana Lastra la Vicesecretaria\u00a0general del la Ejecutiva,\u00a0 la asturiana que lleg\u00f3 m\u00e1s lejos en esta etapa de la democracia espa\u00f1ola, llama la atenci\u00f3n por que se debilita a\u00fan\u00a0m\u00e1s el grupo duro que integraba la Ejecutiva del Partido.<\/b><\/p>\n<p><strong>Cuando dijo&#8221; voy por todo&#8221; para que el Gobierno de Coalici\u00f3n gane las elecciones del 2024, este hombre toma decisiones fuertes. Conoce bien al partido, y sabe la lealtad de Adriana Lastra, pero creo que pens\u00f3 que cerr\u00f3 su ciclo cuando aparecieron las encuestas desfavorables en 5 regiones para el PSOE, entre ellas nada menos que Asturias.<\/strong><\/p>\n<p><strong>Golpe a Asturias, y desde aqu\u00ed mandamos los mejores deseos para quien, en momentos adversos, se la jugo con el proyecto de Pedro S\u00e1nchez..<\/strong><\/p>\n<p><strong>En septiembre conoceremos los cambios en el Partido y los del Gobierno.<\/strong><\/p>\n<p>&nbsp;<\/p>\n<p>&nbsp;<\/p>\n<p>&nbsp;<\/p>\n<!-- AddThis Advanced Settings generic via filter on the_content --><!-- AddThis Share Buttons generic via filter on the_content -->","protected":false},"excerpt":{"rendered":"<p>Parece que era un secreto a voces las tensiones internas dentro de la Ejecutiva del Partido Socialista Obrero Espa\u00f1ol;sin embargo la renuncia &#8220;por\u00a0 asuntos personales&#8221; de Adriana Lastra la Vicesecretaria\u00a0general del la Ejecutiva,\u00a0 la asturiana que lleg\u00f3 m\u00e1s lejos en esta etapa de la democracia espa\u00f1ola, llama la atenci\u00f3n por que se debilita a\u00fan\u00a0m\u00e1s el [&hellip;]<!-- AddThis Advanced Settings generic via filter on get_the_excerpt --><!-- AddThis Share Buttons generic via filter on get_the_excerpt --><\/p>\n","protected":false},"author":16,"featured_media":0,"comment_status":"open","ping_status":"closed","sticky":false,"template":"","format":"standard","meta":[],"categories":[1],"tags":[],"_links":{"self":[{"href":"https:\/\/blogs.elcomercio.es\/reflexiones-de-belarmino\/wp-json\/wp\/v2\/posts\/23703"}],"collection":[{"href":"https:\/\/blogs.elcomercio.es\/reflexiones-de-belarmino\/wp-json\/wp\/v2\/posts"}],"about":[{"href":"https:\/\/blogs.elcomercio.es\/reflexiones-de-belarmino\/wp-json\/wp\/v2\/types\/post"}],"author":[{"embeddable":true,"href":"https:\/\/blogs.elcomercio.es\/reflexiones-de-belarmino\/wp-json\/wp\/v2\/users\/16"}],"replies":[{"embeddable":true,"href":"https:\/\/blogs.elcomercio.es\/reflexiones-de-belarmino\/wp-json\/wp\/v2\/comments?post=23703"}],"version-history":[{"count":1,"href":"https:\/\/blogs.elcomercio.es\/reflexiones-de-belarmino\/wp-json\/wp\/v2\/posts\/23703\/revisions"}],"predecessor-version":[{"id":23704,"href":"https:\/\/blogs.elcomercio.es\/reflexiones-de-belarmino\/wp-json\/wp\/v2\/posts\/23703\/revisions\/23704"}],"wp:attachment":[{"href":"https:\/\/blogs.elcomercio.es\/reflexiones-de-belarmino\/wp-json\/wp\/v2\/media?parent=23703"}],"wp:term":[{"taxonomy":"category","embeddable":true,"href":"https:\/\/blogs.elcomercio.es\/reflexiones-de-belarmino\/wp-json\/wp\/v2\/categories?post=23703"},{"taxonomy":"post_tag","embeddable":true,"href":"https:\/\/blogs.elcomercio.es\/reflexiones-de-belarmino\/wp-json\/wp\/v2\/tags?post=23703"}],"curies":[{"name":"wp","href":"https:\/\/api.w.org\/{rel}","templated":true}]}}