{"id":23728,"date":"2022-07-19T10:28:12","date_gmt":"2022-07-19T08:28:12","guid":{"rendered":"https:\/\/blogs.elcomercio.es\/reflexiones-de-belarmino\/?p=23728"},"modified":"2022-07-19T10:28:12","modified_gmt":"2022-07-19T08:28:12","slug":"europa-se-prepara-para-la-crisis-energetica-que-viene","status":"publish","type":"post","link":"https:\/\/blogs.elcomercio.es\/reflexiones-de-belarmino\/2022\/07\/19\/europa-se-prepara-para-la-crisis-energetica-que-viene\/","title":{"rendered":"\u00a1\u00a1\u00a1\u00a1EUROPA SE PREPARA PARA LA CRISIS ENERG\u00c9TICA QUE VIENE !!!"},"content":{"rendered":"<p><b>Toda Europa se prepara para la inminente\u00a0 crisis energ\u00e9tica que viene. Desde la Uni\u00f3n Europea, hasta los pais m\u00e1s poderosos cuyas econom\u00edas dependen\u00a0del gas ruso, dan como seguro que una vez que pase la etapa de reparaci\u00f3n del Stream Nord 1 Rusia dejar\u00e1 de enviar gas a Europa.<\/b><\/p>\n<p><b>La ampliaci\u00f3n de los enfrentamientos\u00a0hace que ambas zonas, busquen nuevas salidas. Espa\u00f1a, logr\u00f3 hacerlo a trav\u00e9s de los Estados Unidos y FRancia e Italia se pelean por el gas de Argelia.<\/b><\/p>\n<p><b>Rusia tiene nuevas rutas\u00a0hacia oriente y paises como Brasil grandes ya les est\u00e1n comprando el gas, as\u00ed como China.<\/b><\/p>\n<p>&nbsp;<\/p>\n<!-- AddThis Advanced Settings generic via filter on the_content --><!-- AddThis Share Buttons generic via filter on the_content -->","protected":false},"excerpt":{"rendered":"<p>Toda Europa se prepara para la inminente\u00a0 crisis energ\u00e9tica que viene. Desde la Uni\u00f3n Europea, hasta los pais m\u00e1s poderosos cuyas econom\u00edas dependen\u00a0del gas ruso, dan como seguro que una vez que pase la etapa de reparaci\u00f3n del Stream Nord 1 Rusia dejar\u00e1 de enviar gas a Europa. La ampliaci\u00f3n de los enfrentamientos\u00a0hace que ambas [&hellip;]<!-- AddThis Advanced Settings generic via filter on get_the_excerpt --><!-- AddThis Share Buttons generic via filter on get_the_excerpt --><\/p>\n","protected":false},"author":16,"featured_media":0,"comment_status":"open","ping_status":"closed","sticky":false,"template":"","format":"standard","meta":[],"categories":[1],"tags":[],"_links":{"self":[{"href":"https:\/\/blogs.elcomercio.es\/reflexiones-de-belarmino\/wp-json\/wp\/v2\/posts\/23728"}],"collection":[{"href":"https:\/\/blogs.elcomercio.es\/reflexiones-de-belarmino\/wp-json\/wp\/v2\/posts"}],"about":[{"href":"https:\/\/blogs.elcomercio.es\/reflexiones-de-belarmino\/wp-json\/wp\/v2\/types\/post"}],"author":[{"embeddable":true,"href":"https:\/\/blogs.elcomercio.es\/reflexiones-de-belarmino\/wp-json\/wp\/v2\/users\/16"}],"replies":[{"embeddable":true,"href":"https:\/\/blogs.elcomercio.es\/reflexiones-de-belarmino\/wp-json\/wp\/v2\/comments?post=23728"}],"version-history":[{"count":1,"href":"https:\/\/blogs.elcomercio.es\/reflexiones-de-belarmino\/wp-json\/wp\/v2\/posts\/23728\/revisions"}],"predecessor-version":[{"id":23729,"href":"https:\/\/blogs.elcomercio.es\/reflexiones-de-belarmino\/wp-json\/wp\/v2\/posts\/23728\/revisions\/23729"}],"wp:attachment":[{"href":"https:\/\/blogs.elcomercio.es\/reflexiones-de-belarmino\/wp-json\/wp\/v2\/media?parent=23728"}],"wp:term":[{"taxonomy":"category","embeddable":true,"href":"https:\/\/blogs.elcomercio.es\/reflexiones-de-belarmino\/wp-json\/wp\/v2\/categories?post=23728"},{"taxonomy":"post_tag","embeddable":true,"href":"https:\/\/blogs.elcomercio.es\/reflexiones-de-belarmino\/wp-json\/wp\/v2\/tags?post=23728"}],"curies":[{"name":"wp","href":"https:\/\/api.w.org\/{rel}","templated":true}]}}