{"id":23733,"date":"2022-07-19T10:58:47","date_gmt":"2022-07-19T08:58:47","guid":{"rendered":"https:\/\/blogs.elcomercio.es\/reflexiones-de-belarmino\/?p=23733"},"modified":"2022-07-19T10:58:47","modified_gmt":"2022-07-19T08:58:47","slug":"en-vivo-en-pekin-y-en-mexico-se-entrega-el-primero-de-los-29-trenes-del-metro-de-la-ciudad-de-mexico","status":"publish","type":"post","link":"https:\/\/blogs.elcomercio.es\/reflexiones-de-belarmino\/2022\/07\/19\/en-vivo-en-pekin-y-en-mexico-se-entrega-el-primero-de-los-29-trenes-del-metro-de-la-ciudad-de-mexico\/","title":{"rendered":"\u00a1\u00a1EN VIVO, EN PEKIN Y EN MEXICO, SE ENTREGA EL PRIMERO DE LOS 29 TRENES DEL METRO DE LA CIUDAD DE MEXICO !!"},"content":{"rendered":"<p><b>Eran las 10 de la ma\u00f1ana en ciudad de M\u00e9xico, ayer, y las 10 de la noche en Pek\u00edn, cuando en una trasmisi\u00f3n directa entre\u00a0ambos paises se\u00a0present\u00f3 el primeros de los 29 trenes que construye\u00a0China para la nueva L\u00ednea\u00a01 del Metro de la capital del pa\u00eds..<\/b><\/p>\n<p><strong>Se recibir\u00e1n el 65 % del tren para que el 35\u00a0 % restante se termine en Pachuca para dar empleo a trabajadores del pa\u00eds<\/strong><\/p>\n<!-- AddThis Advanced Settings generic via filter on the_content --><!-- AddThis Share Buttons generic via filter on the_content -->","protected":false},"excerpt":{"rendered":"<p>Eran las 10 de la ma\u00f1ana en ciudad de M\u00e9xico, ayer, y las 10 de la noche en Pek\u00edn, cuando en una trasmisi\u00f3n directa entre\u00a0ambos paises se\u00a0present\u00f3 el primeros de los 29 trenes que construye\u00a0China para la nueva L\u00ednea\u00a01 del Metro de la capital del pa\u00eds.. Se recibir\u00e1n el 65 % del tren para que [&hellip;]<!-- AddThis Advanced Settings generic via filter on get_the_excerpt --><!-- AddThis Share Buttons generic via filter on get_the_excerpt --><\/p>\n","protected":false},"author":16,"featured_media":0,"comment_status":"open","ping_status":"closed","sticky":false,"template":"","format":"standard","meta":[],"categories":[1],"tags":[],"_links":{"self":[{"href":"https:\/\/blogs.elcomercio.es\/reflexiones-de-belarmino\/wp-json\/wp\/v2\/posts\/23733"}],"collection":[{"href":"https:\/\/blogs.elcomercio.es\/reflexiones-de-belarmino\/wp-json\/wp\/v2\/posts"}],"about":[{"href":"https:\/\/blogs.elcomercio.es\/reflexiones-de-belarmino\/wp-json\/wp\/v2\/types\/post"}],"author":[{"embeddable":true,"href":"https:\/\/blogs.elcomercio.es\/reflexiones-de-belarmino\/wp-json\/wp\/v2\/users\/16"}],"replies":[{"embeddable":true,"href":"https:\/\/blogs.elcomercio.es\/reflexiones-de-belarmino\/wp-json\/wp\/v2\/comments?post=23733"}],"version-history":[{"count":2,"href":"https:\/\/blogs.elcomercio.es\/reflexiones-de-belarmino\/wp-json\/wp\/v2\/posts\/23733\/revisions"}],"predecessor-version":[{"id":23735,"href":"https:\/\/blogs.elcomercio.es\/reflexiones-de-belarmino\/wp-json\/wp\/v2\/posts\/23733\/revisions\/23735"}],"wp:attachment":[{"href":"https:\/\/blogs.elcomercio.es\/reflexiones-de-belarmino\/wp-json\/wp\/v2\/media?parent=23733"}],"wp:term":[{"taxonomy":"category","embeddable":true,"href":"https:\/\/blogs.elcomercio.es\/reflexiones-de-belarmino\/wp-json\/wp\/v2\/categories?post=23733"},{"taxonomy":"post_tag","embeddable":true,"href":"https:\/\/blogs.elcomercio.es\/reflexiones-de-belarmino\/wp-json\/wp\/v2\/tags?post=23733"}],"curies":[{"name":"wp","href":"https:\/\/api.w.org\/{rel}","templated":true}]}}