{"id":23736,"date":"2022-07-19T11:09:13","date_gmt":"2022-07-19T09:09:13","guid":{"rendered":"https:\/\/blogs.elcomercio.es\/reflexiones-de-belarmino\/?p=23736"},"modified":"2022-07-19T11:09:13","modified_gmt":"2022-07-19T09:09:13","slug":"la-polarizacion-entre-rusia-y-occidente-nos-van-a-llevar-a-una-guerra-larga","status":"publish","type":"post","link":"https:\/\/blogs.elcomercio.es\/reflexiones-de-belarmino\/2022\/07\/19\/la-polarizacion-entre-rusia-y-occidente-nos-van-a-llevar-a-una-guerra-larga\/","title":{"rendered":"\u00a1\u00a1\u00a1LA POLARIZACI\u00d3N ENTRE RUSIA Y OCCIDENTE NOS VAN A LLEVAR A UNA GUERRA LARGA !!!"},"content":{"rendered":"<p><b>A las palabras de Zelenski de que tomar\u00e1n CRimea m\u00e1s tarde que temprano, vino la respuesta de un diputado ruso: &#8221; hay que acabar con toda la &#8220;nacificaci\u00f3n que envuelve a Ucrania&#8221;(sic). De ah\u00ed las palabras de Medvedev\u00a0, tras duras: &#8221; Si tocan Crimea, ser\u00e1 el d\u00eda del Juicio Final &#8220;.<\/b><\/p>\n<p><b>Dos posiciones\u00a0<\/b><b>manique\u00edstas en ambas parte, s\u00f3lo pueden llevarnos a que, ante lo extensi\u00f3n del conflicto, el miedo entre Occidente, Rusia y China, lleven a un mesa de negociaci\u00f3n.<\/b><\/p>\n<p><b>En principio, mantenemos, se percibe. Rusia quiere consolidar todo el Este y con el Sur proteger\u00a0 a Crimea, pero no est\u00e1\u00a0en sus\u00a0<\/b><b>objetivos ni Odessa, ni Kiev.Pero todo esto puede variar en tan tensas relaciones.<\/b><\/p>\n<!-- AddThis Advanced Settings generic via filter on the_content --><!-- AddThis Share Buttons generic via filter on the_content -->","protected":false},"excerpt":{"rendered":"<p>A las palabras de Zelenski de que tomar\u00e1n CRimea m\u00e1s tarde que temprano, vino la respuesta de un diputado ruso: &#8221; hay que acabar con toda la &#8220;nacificaci\u00f3n que envuelve a Ucrania&#8221;(sic). De ah\u00ed las palabras de Medvedev\u00a0, tras duras: &#8221; Si tocan Crimea, ser\u00e1 el d\u00eda del Juicio Final &#8220;. Dos posiciones\u00a0manique\u00edstas en ambas [&hellip;]<!-- AddThis Advanced Settings generic via filter on get_the_excerpt --><!-- AddThis Share Buttons generic via filter on get_the_excerpt --><\/p>\n","protected":false},"author":16,"featured_media":0,"comment_status":"open","ping_status":"closed","sticky":false,"template":"","format":"standard","meta":[],"categories":[1],"tags":[],"_links":{"self":[{"href":"https:\/\/blogs.elcomercio.es\/reflexiones-de-belarmino\/wp-json\/wp\/v2\/posts\/23736"}],"collection":[{"href":"https:\/\/blogs.elcomercio.es\/reflexiones-de-belarmino\/wp-json\/wp\/v2\/posts"}],"about":[{"href":"https:\/\/blogs.elcomercio.es\/reflexiones-de-belarmino\/wp-json\/wp\/v2\/types\/post"}],"author":[{"embeddable":true,"href":"https:\/\/blogs.elcomercio.es\/reflexiones-de-belarmino\/wp-json\/wp\/v2\/users\/16"}],"replies":[{"embeddable":true,"href":"https:\/\/blogs.elcomercio.es\/reflexiones-de-belarmino\/wp-json\/wp\/v2\/comments?post=23736"}],"version-history":[{"count":2,"href":"https:\/\/blogs.elcomercio.es\/reflexiones-de-belarmino\/wp-json\/wp\/v2\/posts\/23736\/revisions"}],"predecessor-version":[{"id":23738,"href":"https:\/\/blogs.elcomercio.es\/reflexiones-de-belarmino\/wp-json\/wp\/v2\/posts\/23736\/revisions\/23738"}],"wp:attachment":[{"href":"https:\/\/blogs.elcomercio.es\/reflexiones-de-belarmino\/wp-json\/wp\/v2\/media?parent=23736"}],"wp:term":[{"taxonomy":"category","embeddable":true,"href":"https:\/\/blogs.elcomercio.es\/reflexiones-de-belarmino\/wp-json\/wp\/v2\/categories?post=23736"},{"taxonomy":"post_tag","embeddable":true,"href":"https:\/\/blogs.elcomercio.es\/reflexiones-de-belarmino\/wp-json\/wp\/v2\/tags?post=23736"}],"curies":[{"name":"wp","href":"https:\/\/api.w.org\/{rel}","templated":true}]}}