{"id":23742,"date":"2022-07-19T12:37:46","date_gmt":"2022-07-19T10:37:46","guid":{"rendered":"https:\/\/blogs.elcomercio.es\/reflexiones-de-belarmino\/?p=23742"},"modified":"2022-07-19T12:37:46","modified_gmt":"2022-07-19T10:37:46","slug":"dimite-dolores-delgado-principio-del-cambio-en-el-gobierno","status":"publish","type":"post","link":"https:\/\/blogs.elcomercio.es\/reflexiones-de-belarmino\/2022\/07\/19\/dimite-dolores-delgado-principio-del-cambio-en-el-gobierno\/","title":{"rendered":"\u00a1\u00a1\u00a1DIMITE DOLORES DELGADO, PRINCIPIO DEL CAMBIO EN EL  GOBIERNO !!!"},"content":{"rendered":"<p><b>Acaba de dimitir Dolores Delgado, la Fiscal General de la Naci\u00f3n, &#8220;por motivos de salud&#8221;.Ayer la renuncia de Adriana Lastra la vicesecretaria general del Partido, la segunda en \u00e9ste, de Pedro S\u00e1nchez, la primera\u00a0que vendr\u00e1n, hoy, el esperado cambio en el gobierno se ha iniciado con la renuncia de Dolores Delgado.<\/b><\/p>\n<p><b>La remodelaci\u00f3n\u00a0del partido y del gobierno est\u00e1 en marcha, tras las declaraciones de Pedro S\u00e1nchez quien ante los ataques dijo la semana pasada &#8220;voy por todo &#8220;.<\/b><\/p>\n<p><b>Estos movimientos, que coinciden con la gira de Yolanda D\u00edaz(le dijo a Pablo Iglesias: &#8221; Fuiste fundamental,pero iniciamos otro proceso, ay\u00fadame&#8221;) de tres d\u00edas por los Estados Unidos a partir de ma\u00f1ana, son movimientos de los dirigentes de la mayor\u00eda social para impulsar el cambio que Espa\u00f1a pide a gritos.<\/b><\/p>\n<!-- AddThis Advanced Settings generic via filter on the_content --><!-- AddThis Share Buttons generic via filter on the_content -->","protected":false},"excerpt":{"rendered":"<p>Acaba de dimitir Dolores Delgado, la Fiscal General de la Naci\u00f3n, &#8220;por motivos de salud&#8221;.Ayer la renuncia de Adriana Lastra la vicesecretaria general del Partido, la segunda en \u00e9ste, de Pedro S\u00e1nchez, la primera\u00a0que vendr\u00e1n, hoy, el esperado cambio en el gobierno se ha iniciado con la renuncia de Dolores Delgado. La remodelaci\u00f3n\u00a0del partido y [&hellip;]<!-- AddThis Advanced Settings generic via filter on get_the_excerpt --><!-- AddThis Share Buttons generic via filter on get_the_excerpt --><\/p>\n","protected":false},"author":16,"featured_media":0,"comment_status":"open","ping_status":"closed","sticky":false,"template":"","format":"standard","meta":[],"categories":[1],"tags":[],"_links":{"self":[{"href":"https:\/\/blogs.elcomercio.es\/reflexiones-de-belarmino\/wp-json\/wp\/v2\/posts\/23742"}],"collection":[{"href":"https:\/\/blogs.elcomercio.es\/reflexiones-de-belarmino\/wp-json\/wp\/v2\/posts"}],"about":[{"href":"https:\/\/blogs.elcomercio.es\/reflexiones-de-belarmino\/wp-json\/wp\/v2\/types\/post"}],"author":[{"embeddable":true,"href":"https:\/\/blogs.elcomercio.es\/reflexiones-de-belarmino\/wp-json\/wp\/v2\/users\/16"}],"replies":[{"embeddable":true,"href":"https:\/\/blogs.elcomercio.es\/reflexiones-de-belarmino\/wp-json\/wp\/v2\/comments?post=23742"}],"version-history":[{"count":1,"href":"https:\/\/blogs.elcomercio.es\/reflexiones-de-belarmino\/wp-json\/wp\/v2\/posts\/23742\/revisions"}],"predecessor-version":[{"id":23743,"href":"https:\/\/blogs.elcomercio.es\/reflexiones-de-belarmino\/wp-json\/wp\/v2\/posts\/23742\/revisions\/23743"}],"wp:attachment":[{"href":"https:\/\/blogs.elcomercio.es\/reflexiones-de-belarmino\/wp-json\/wp\/v2\/media?parent=23742"}],"wp:term":[{"taxonomy":"category","embeddable":true,"href":"https:\/\/blogs.elcomercio.es\/reflexiones-de-belarmino\/wp-json\/wp\/v2\/categories?post=23742"},{"taxonomy":"post_tag","embeddable":true,"href":"https:\/\/blogs.elcomercio.es\/reflexiones-de-belarmino\/wp-json\/wp\/v2\/tags?post=23742"}],"curies":[{"name":"wp","href":"https:\/\/api.w.org\/{rel}","templated":true}]}}