{"id":23744,"date":"2022-07-19T12:45:14","date_gmt":"2022-07-19T10:45:14","guid":{"rendered":"https:\/\/blogs.elcomercio.es\/reflexiones-de-belarmino\/?p=23744"},"modified":"2022-07-19T12:45:14","modified_gmt":"2022-07-19T10:45:14","slug":"anna-gabriel-dirigente-de-la-cup-4-anos-fuera-del-pais-regresa-y-se-entrega-al-supremo","status":"publish","type":"post","link":"https:\/\/blogs.elcomercio.es\/reflexiones-de-belarmino\/2022\/07\/19\/anna-gabriel-dirigente-de-la-cup-4-anos-fuera-del-pais-regresa-y-se-entrega-al-supremo\/","title":{"rendered":"\u00a1\u00a1\u00a1\u00a1ANNA GABRIEL DIRIGENTE DE LA CUP, 4 A\u00d1OS FUERA DEL PA\u00cdS, REGRESA Y SE ENTREGA AL SUPREMO !!!"},"content":{"rendered":"<p><b>Anna Gabriel la dirigente\u00a0de la CUP en aquel intento indep\u00e8ndentistas de Puigdemont, que la hizo salir a Suiza\u00a0donde estuvo 4 a\u00f1os, recapacit\u00f3, regres\u00f3 a Espa\u00f1a y se entreg\u00f3 al Supremo.<\/b><\/p>\n<!-- AddThis Advanced Settings generic via filter on the_content --><!-- AddThis Share Buttons generic via filter on the_content -->","protected":false},"excerpt":{"rendered":"<p>Anna Gabriel la dirigente\u00a0de la CUP en aquel intento indep\u00e8ndentistas de Puigdemont, que la hizo salir a Suiza\u00a0donde estuvo 4 a\u00f1os, recapacit\u00f3, regres\u00f3 a Espa\u00f1a y se entreg\u00f3 al Supremo.<!-- AddThis Advanced Settings generic via filter on get_the_excerpt --><!-- AddThis Share Buttons generic via filter on get_the_excerpt --><\/p>\n","protected":false},"author":16,"featured_media":0,"comment_status":"open","ping_status":"closed","sticky":false,"template":"","format":"standard","meta":[],"categories":[1],"tags":[],"_links":{"self":[{"href":"https:\/\/blogs.elcomercio.es\/reflexiones-de-belarmino\/wp-json\/wp\/v2\/posts\/23744"}],"collection":[{"href":"https:\/\/blogs.elcomercio.es\/reflexiones-de-belarmino\/wp-json\/wp\/v2\/posts"}],"about":[{"href":"https:\/\/blogs.elcomercio.es\/reflexiones-de-belarmino\/wp-json\/wp\/v2\/types\/post"}],"author":[{"embeddable":true,"href":"https:\/\/blogs.elcomercio.es\/reflexiones-de-belarmino\/wp-json\/wp\/v2\/users\/16"}],"replies":[{"embeddable":true,"href":"https:\/\/blogs.elcomercio.es\/reflexiones-de-belarmino\/wp-json\/wp\/v2\/comments?post=23744"}],"version-history":[{"count":1,"href":"https:\/\/blogs.elcomercio.es\/reflexiones-de-belarmino\/wp-json\/wp\/v2\/posts\/23744\/revisions"}],"predecessor-version":[{"id":23745,"href":"https:\/\/blogs.elcomercio.es\/reflexiones-de-belarmino\/wp-json\/wp\/v2\/posts\/23744\/revisions\/23745"}],"wp:attachment":[{"href":"https:\/\/blogs.elcomercio.es\/reflexiones-de-belarmino\/wp-json\/wp\/v2\/media?parent=23744"}],"wp:term":[{"taxonomy":"category","embeddable":true,"href":"https:\/\/blogs.elcomercio.es\/reflexiones-de-belarmino\/wp-json\/wp\/v2\/categories?post=23744"},{"taxonomy":"post_tag","embeddable":true,"href":"https:\/\/blogs.elcomercio.es\/reflexiones-de-belarmino\/wp-json\/wp\/v2\/tags?post=23744"}],"curies":[{"name":"wp","href":"https:\/\/api.w.org\/{rel}","templated":true}]}}