{"id":23746,"date":"2022-07-19T12:59:48","date_gmt":"2022-07-19T10:59:48","guid":{"rendered":"https:\/\/blogs.elcomercio.es\/reflexiones-de-belarmino\/?p=23746"},"modified":"2022-07-19T12:59:48","modified_gmt":"2022-07-19T10:59:48","slug":"proximo-sabado-comite-federal-del-psoe-convocado-por-pedro-sanchez-los-cambios-en-el-partido","status":"publish","type":"post","link":"https:\/\/blogs.elcomercio.es\/reflexiones-de-belarmino\/2022\/07\/19\/proximo-sabado-comite-federal-del-psoe-convocado-por-pedro-sanchez-los-cambios-en-el-partido\/","title":{"rendered":"\u00a1\u00a1\u00a1\u00a1 PR\u00d3XIMO S\u00c1BADO, COMITE FEDERAL DEL PSOE, CONVOCADO POR PEDRO S\u00c1NCHEZ, LOS CAMBIOS EN EL PARTIDO !!!"},"content":{"rendered":"<p><b>No habr\u00e1 que esperar. Acaba de informarse\u00a0\u00a0que Pedro S\u00e1nchez ha citado al COMIT\u00c9\u00a0FEDERAL DEL PSOE(m\u00e1ximo organismo entre congresos), para el pr\u00f3ximo s\u00e1bado y domingo en Ferraz.<\/b><\/p>\n<p><strong>Creo que en este mes, y a continuaci\u00f3n, se realizar\u00e1n los cambios en el gobierno del que se esperan cambios importantes.<\/strong><\/p>\n<!-- AddThis Advanced Settings generic via filter on the_content --><!-- AddThis Share Buttons generic via filter on the_content -->","protected":false},"excerpt":{"rendered":"<p>No habr\u00e1 que esperar. Acaba de informarse\u00a0\u00a0que Pedro S\u00e1nchez ha citado al COMIT\u00c9\u00a0FEDERAL DEL PSOE(m\u00e1ximo organismo entre congresos), para el pr\u00f3ximo s\u00e1bado y domingo en Ferraz. Creo que en este mes, y a continuaci\u00f3n, se realizar\u00e1n los cambios en el gobierno del que se esperan cambios importantes.<!-- AddThis Advanced Settings generic via filter on get_the_excerpt --><!-- AddThis Share Buttons generic via filter on get_the_excerpt --><\/p>\n","protected":false},"author":16,"featured_media":0,"comment_status":"open","ping_status":"closed","sticky":false,"template":"","format":"standard","meta":[],"categories":[1],"tags":[],"_links":{"self":[{"href":"https:\/\/blogs.elcomercio.es\/reflexiones-de-belarmino\/wp-json\/wp\/v2\/posts\/23746"}],"collection":[{"href":"https:\/\/blogs.elcomercio.es\/reflexiones-de-belarmino\/wp-json\/wp\/v2\/posts"}],"about":[{"href":"https:\/\/blogs.elcomercio.es\/reflexiones-de-belarmino\/wp-json\/wp\/v2\/types\/post"}],"author":[{"embeddable":true,"href":"https:\/\/blogs.elcomercio.es\/reflexiones-de-belarmino\/wp-json\/wp\/v2\/users\/16"}],"replies":[{"embeddable":true,"href":"https:\/\/blogs.elcomercio.es\/reflexiones-de-belarmino\/wp-json\/wp\/v2\/comments?post=23746"}],"version-history":[{"count":1,"href":"https:\/\/blogs.elcomercio.es\/reflexiones-de-belarmino\/wp-json\/wp\/v2\/posts\/23746\/revisions"}],"predecessor-version":[{"id":23747,"href":"https:\/\/blogs.elcomercio.es\/reflexiones-de-belarmino\/wp-json\/wp\/v2\/posts\/23746\/revisions\/23747"}],"wp:attachment":[{"href":"https:\/\/blogs.elcomercio.es\/reflexiones-de-belarmino\/wp-json\/wp\/v2\/media?parent=23746"}],"wp:term":[{"taxonomy":"category","embeddable":true,"href":"https:\/\/blogs.elcomercio.es\/reflexiones-de-belarmino\/wp-json\/wp\/v2\/categories?post=23746"},{"taxonomy":"post_tag","embeddable":true,"href":"https:\/\/blogs.elcomercio.es\/reflexiones-de-belarmino\/wp-json\/wp\/v2\/tags?post=23746"}],"curies":[{"name":"wp","href":"https:\/\/api.w.org\/{rel}","templated":true}]}}