{"id":23768,"date":"2022-07-20T10:36:04","date_gmt":"2022-07-20T08:36:04","guid":{"rendered":"https:\/\/blogs.elcomercio.es\/reflexiones-de-belarmino\/?p=23768"},"modified":"2022-07-20T10:36:04","modified_gmt":"2022-07-20T08:36:04","slug":"y-si-manana-rusia-cumple-y-tras-recibir-la-turbina-de-canada-manda-el-gas-a-europa","status":"publish","type":"post","link":"https:\/\/blogs.elcomercio.es\/reflexiones-de-belarmino\/2022\/07\/20\/y-si-manana-rusia-cumple-y-tras-recibir-la-turbina-de-canada-manda-el-gas-a-europa\/","title":{"rendered":"\u00a1\u00a1\u00a1\u00a1 \u00bf Y SI MA\u00d1ANA RUSIA CUMPLE Y, TRAS RECIBIR LA TURBINA DE CANAD\u00c1, MANDA EL GAS A EUROPA ?!!!"},"content":{"rendered":"<p><b>La pelota est\u00e1 en la cancha de Rusia. \u00bf Qu\u00e9\u00a0pasa con la estrategia\u00a0europea, si, tras recibir el d\u00eda 12 de Canad\u00e1 la turbina, ma\u00f1ana empieza a surtir gas a Europa ?<\/b><\/p>\n<!-- AddThis Advanced Settings generic via filter on the_content --><!-- AddThis Share Buttons generic via filter on the_content -->","protected":false},"excerpt":{"rendered":"<p>La pelota est\u00e1 en la cancha de Rusia. \u00bf Qu\u00e9\u00a0pasa con la estrategia\u00a0europea, si, tras recibir el d\u00eda 12 de Canad\u00e1 la turbina, ma\u00f1ana empieza a surtir gas a Europa ?<!-- AddThis Advanced Settings generic via filter on get_the_excerpt --><!-- AddThis Share Buttons generic via filter on get_the_excerpt --><\/p>\n","protected":false},"author":16,"featured_media":0,"comment_status":"open","ping_status":"closed","sticky":false,"template":"","format":"standard","meta":[],"categories":[1],"tags":[],"_links":{"self":[{"href":"https:\/\/blogs.elcomercio.es\/reflexiones-de-belarmino\/wp-json\/wp\/v2\/posts\/23768"}],"collection":[{"href":"https:\/\/blogs.elcomercio.es\/reflexiones-de-belarmino\/wp-json\/wp\/v2\/posts"}],"about":[{"href":"https:\/\/blogs.elcomercio.es\/reflexiones-de-belarmino\/wp-json\/wp\/v2\/types\/post"}],"author":[{"embeddable":true,"href":"https:\/\/blogs.elcomercio.es\/reflexiones-de-belarmino\/wp-json\/wp\/v2\/users\/16"}],"replies":[{"embeddable":true,"href":"https:\/\/blogs.elcomercio.es\/reflexiones-de-belarmino\/wp-json\/wp\/v2\/comments?post=23768"}],"version-history":[{"count":1,"href":"https:\/\/blogs.elcomercio.es\/reflexiones-de-belarmino\/wp-json\/wp\/v2\/posts\/23768\/revisions"}],"predecessor-version":[{"id":23769,"href":"https:\/\/blogs.elcomercio.es\/reflexiones-de-belarmino\/wp-json\/wp\/v2\/posts\/23768\/revisions\/23769"}],"wp:attachment":[{"href":"https:\/\/blogs.elcomercio.es\/reflexiones-de-belarmino\/wp-json\/wp\/v2\/media?parent=23768"}],"wp:term":[{"taxonomy":"category","embeddable":true,"href":"https:\/\/blogs.elcomercio.es\/reflexiones-de-belarmino\/wp-json\/wp\/v2\/categories?post=23768"},{"taxonomy":"post_tag","embeddable":true,"href":"https:\/\/blogs.elcomercio.es\/reflexiones-de-belarmino\/wp-json\/wp\/v2\/tags?post=23768"}],"curies":[{"name":"wp","href":"https:\/\/api.w.org\/{rel}","templated":true}]}}