{"id":23772,"date":"2022-07-20T10:54:43","date_gmt":"2022-07-20T08:54:43","guid":{"rendered":"https:\/\/blogs.elcomercio.es\/reflexiones-de-belarmino\/?p=23772"},"modified":"2022-07-20T10:54:43","modified_gmt":"2022-07-20T08:54:43","slug":"con-patxi-lopez-al-frente-entraran-hernando-oscar-lopez-y-rafaeel-simancas-a-la-ejecutiva-del-psoe","status":"publish","type":"post","link":"https:\/\/blogs.elcomercio.es\/reflexiones-de-belarmino\/2022\/07\/20\/con-patxi-lopez-al-frente-entraran-hernando-oscar-lopez-y-rafaeel-simancas-a-la-ejecutiva-del-psoe\/","title":{"rendered":"\u00a1\u00a1\u00a1\u00a1  CON PATXI LOPEZ AL FRENTE, ENTRARAN HERNANDO, OSCAR LOPEZ Y RAFAEEL SIMANCAS A LA EJECUTIVA DEL PSOE !!!"},"content":{"rendered":"<p><b>Este sebado, en Ferraz, el Partido Socialista Obrero Espa\u00f1ol, fundado ene 1879, realiza uno m\u00e1s de sus comit\u00e9s federales\u00a0importantes.Pedro S\u00e1nchez va a incorporar a cuadros probados del partido, y creemos, que en lugar de Adriana Lastra, quedar\u00e1 Patxi L\u00f3pez el ex Lendakari y toda una garant\u00eda. Con el pueden\u00a0 entrar Oscar Lopez, Antonio Hernando y Rafael Simancas, entre otros.<\/b><\/p>\n<p>&nbsp;<\/p>\n<!-- AddThis Advanced Settings generic via filter on the_content --><!-- AddThis Share Buttons generic via filter on the_content -->","protected":false},"excerpt":{"rendered":"<p>Este sebado, en Ferraz, el Partido Socialista Obrero Espa\u00f1ol, fundado ene 1879, realiza uno m\u00e1s de sus comit\u00e9s federales\u00a0importantes.Pedro S\u00e1nchez va a incorporar a cuadros probados del partido, y creemos, que en lugar de Adriana Lastra, quedar\u00e1 Patxi L\u00f3pez el ex Lendakari y toda una garant\u00eda. Con el pueden\u00a0 entrar Oscar Lopez, Antonio Hernando y [&hellip;]<!-- AddThis Advanced Settings generic via filter on get_the_excerpt --><!-- AddThis Share Buttons generic via filter on get_the_excerpt --><\/p>\n","protected":false},"author":16,"featured_media":0,"comment_status":"open","ping_status":"closed","sticky":false,"template":"","format":"standard","meta":[],"categories":[1],"tags":[],"_links":{"self":[{"href":"https:\/\/blogs.elcomercio.es\/reflexiones-de-belarmino\/wp-json\/wp\/v2\/posts\/23772"}],"collection":[{"href":"https:\/\/blogs.elcomercio.es\/reflexiones-de-belarmino\/wp-json\/wp\/v2\/posts"}],"about":[{"href":"https:\/\/blogs.elcomercio.es\/reflexiones-de-belarmino\/wp-json\/wp\/v2\/types\/post"}],"author":[{"embeddable":true,"href":"https:\/\/blogs.elcomercio.es\/reflexiones-de-belarmino\/wp-json\/wp\/v2\/users\/16"}],"replies":[{"embeddable":true,"href":"https:\/\/blogs.elcomercio.es\/reflexiones-de-belarmino\/wp-json\/wp\/v2\/comments?post=23772"}],"version-history":[{"count":1,"href":"https:\/\/blogs.elcomercio.es\/reflexiones-de-belarmino\/wp-json\/wp\/v2\/posts\/23772\/revisions"}],"predecessor-version":[{"id":23773,"href":"https:\/\/blogs.elcomercio.es\/reflexiones-de-belarmino\/wp-json\/wp\/v2\/posts\/23772\/revisions\/23773"}],"wp:attachment":[{"href":"https:\/\/blogs.elcomercio.es\/reflexiones-de-belarmino\/wp-json\/wp\/v2\/media?parent=23772"}],"wp:term":[{"taxonomy":"category","embeddable":true,"href":"https:\/\/blogs.elcomercio.es\/reflexiones-de-belarmino\/wp-json\/wp\/v2\/categories?post=23772"},{"taxonomy":"post_tag","embeddable":true,"href":"https:\/\/blogs.elcomercio.es\/reflexiones-de-belarmino\/wp-json\/wp\/v2\/tags?post=23772"}],"curies":[{"name":"wp","href":"https:\/\/api.w.org\/{rel}","templated":true}]}}