{"id":23774,"date":"2022-07-20T11:04:42","date_gmt":"2022-07-20T09:04:42","guid":{"rendered":"https:\/\/blogs.elcomercio.es\/reflexiones-de-belarmino\/?p=23774"},"modified":"2022-07-20T11:04:42","modified_gmt":"2022-07-20T09:04:42","slug":"martinez-camino-lo-recuerda-usted-el-hombre-de-rouco-ex-vocero-de-la-conferencia-episcopal-el-que-oficio-la-misa-en-cuelga-muros-el-18","status":"publish","type":"post","link":"https:\/\/blogs.elcomercio.es\/reflexiones-de-belarmino\/2022\/07\/20\/martinez-camino-lo-recuerda-usted-el-hombre-de-rouco-ex-vocero-de-la-conferencia-episcopal-el-que-oficio-la-misa-en-cuelga-muros-el-18\/","title":{"rendered":"\u00a1\u00a1\u00a1MARTINEZ CAMINO, \u00bfLO RECUERDA USTED?, EL HOMBRE DE ROUCO, EX VOCERO DE LA CONFERENCIA EPISCOPAL EL QUE OFICIO LA MISA EN CUELGA MUROS EL 18 !!!"},"content":{"rendered":"<p><b>Contra los cambios de El Vaticano, por supuesto, como en la Contra reforma, los que sienten herederos\u00a0de aquella anquilosada\u00a0Iglesia Cat\u00f3lica que, moderniza y les da vida, justamente Francisco I, tienen que salir a la palestra. Y aquel hombre que obra de Rouco Varela, llamado Martinez Camino que hacia aquellos desplantes como vocero de la Conferencia Episcopal Espa\u00f1a de aquella \u00e9poca, fue el que presidio la misa el 18 en Cuelgamuros, a la que asistieron todas las organizaciones(chiringuitos llamar\u00edan ellos a las ONG) que con la nueva ley perder\u00e1n todos sus privilegios y subvenciones.<\/b><\/p>\n<!-- AddThis Advanced Settings generic via filter on the_content --><!-- AddThis Share Buttons generic via filter on the_content -->","protected":false},"excerpt":{"rendered":"<p>Contra los cambios de El Vaticano, por supuesto, como en la Contra reforma, los que sienten herederos\u00a0de aquella anquilosada\u00a0Iglesia Cat\u00f3lica que, moderniza y les da vida, justamente Francisco I, tienen que salir a la palestra. Y aquel hombre que obra de Rouco Varela, llamado Martinez Camino que hacia aquellos desplantes como vocero de la Conferencia [&hellip;]<!-- AddThis Advanced Settings generic via filter on get_the_excerpt --><!-- AddThis Share Buttons generic via filter on get_the_excerpt --><\/p>\n","protected":false},"author":16,"featured_media":0,"comment_status":"open","ping_status":"closed","sticky":false,"template":"","format":"standard","meta":[],"categories":[1],"tags":[],"_links":{"self":[{"href":"https:\/\/blogs.elcomercio.es\/reflexiones-de-belarmino\/wp-json\/wp\/v2\/posts\/23774"}],"collection":[{"href":"https:\/\/blogs.elcomercio.es\/reflexiones-de-belarmino\/wp-json\/wp\/v2\/posts"}],"about":[{"href":"https:\/\/blogs.elcomercio.es\/reflexiones-de-belarmino\/wp-json\/wp\/v2\/types\/post"}],"author":[{"embeddable":true,"href":"https:\/\/blogs.elcomercio.es\/reflexiones-de-belarmino\/wp-json\/wp\/v2\/users\/16"}],"replies":[{"embeddable":true,"href":"https:\/\/blogs.elcomercio.es\/reflexiones-de-belarmino\/wp-json\/wp\/v2\/comments?post=23774"}],"version-history":[{"count":2,"href":"https:\/\/blogs.elcomercio.es\/reflexiones-de-belarmino\/wp-json\/wp\/v2\/posts\/23774\/revisions"}],"predecessor-version":[{"id":23776,"href":"https:\/\/blogs.elcomercio.es\/reflexiones-de-belarmino\/wp-json\/wp\/v2\/posts\/23774\/revisions\/23776"}],"wp:attachment":[{"href":"https:\/\/blogs.elcomercio.es\/reflexiones-de-belarmino\/wp-json\/wp\/v2\/media?parent=23774"}],"wp:term":[{"taxonomy":"category","embeddable":true,"href":"https:\/\/blogs.elcomercio.es\/reflexiones-de-belarmino\/wp-json\/wp\/v2\/categories?post=23774"},{"taxonomy":"post_tag","embeddable":true,"href":"https:\/\/blogs.elcomercio.es\/reflexiones-de-belarmino\/wp-json\/wp\/v2\/tags?post=23774"}],"curies":[{"name":"wp","href":"https:\/\/api.w.org\/{rel}","templated":true}]}}