{"id":23779,"date":"2022-07-20T11:19:57","date_gmt":"2022-07-20T09:19:57","guid":{"rendered":"https:\/\/blogs.elcomercio.es\/reflexiones-de-belarmino\/?p=23779"},"modified":"2022-07-20T11:19:57","modified_gmt":"2022-07-20T09:19:57","slug":"si-rusia-logra-asegurar-sus-fronteras-en-el-donbass-y-en-crimea-la-guerra-podra-ser-corta","status":"publish","type":"post","link":"https:\/\/blogs.elcomercio.es\/reflexiones-de-belarmino\/2022\/07\/20\/si-rusia-logra-asegurar-sus-fronteras-en-el-donbass-y-en-crimea-la-guerra-podra-ser-corta\/","title":{"rendered":"\u00a1\u00a1\u00a1SI RUSIA LOGRA ASEGURAR SUS FRONTERAS EN EL DONBASS Y EN CRIMEA, LA GUERRA PODR\u00c1 SER CORTA !!!"},"content":{"rendered":"<p><strong>Si se est\u00e1 tejiendo el acuerdo ruso-alem\u00e1n y ma\u00f1ana hay gas en Europa, mantenemos que Rusia, una vez aseguradas sus fronteras y sobre todo Crimea se sentar\u00eda a negociara, Pero \u00bf Zelenski y EE:UU, lo desean ?.<\/strong><\/p>\n<p><b>En este juego de ajedrez, Putin\u00a0\u00a0puede mover\u00a0 ficha ma\u00f1ana.<\/b><\/p>\n<!-- AddThis Advanced Settings generic via filter on the_content --><!-- AddThis Share Buttons generic via filter on the_content -->","protected":false},"excerpt":{"rendered":"<p>Si se est\u00e1 tejiendo el acuerdo ruso-alem\u00e1n y ma\u00f1ana hay gas en Europa, mantenemos que Rusia, una vez aseguradas sus fronteras y sobre todo Crimea se sentar\u00eda a negociara, Pero \u00bf Zelenski y EE:UU, lo desean ?. En este juego de ajedrez, Putin\u00a0\u00a0puede mover\u00a0 ficha ma\u00f1ana.<!-- AddThis Advanced Settings generic via filter on get_the_excerpt --><!-- AddThis Share Buttons generic via filter on get_the_excerpt --><\/p>\n","protected":false},"author":16,"featured_media":0,"comment_status":"open","ping_status":"closed","sticky":false,"template":"","format":"standard","meta":[],"categories":[1],"tags":[],"_links":{"self":[{"href":"https:\/\/blogs.elcomercio.es\/reflexiones-de-belarmino\/wp-json\/wp\/v2\/posts\/23779"}],"collection":[{"href":"https:\/\/blogs.elcomercio.es\/reflexiones-de-belarmino\/wp-json\/wp\/v2\/posts"}],"about":[{"href":"https:\/\/blogs.elcomercio.es\/reflexiones-de-belarmino\/wp-json\/wp\/v2\/types\/post"}],"author":[{"embeddable":true,"href":"https:\/\/blogs.elcomercio.es\/reflexiones-de-belarmino\/wp-json\/wp\/v2\/users\/16"}],"replies":[{"embeddable":true,"href":"https:\/\/blogs.elcomercio.es\/reflexiones-de-belarmino\/wp-json\/wp\/v2\/comments?post=23779"}],"version-history":[{"count":2,"href":"https:\/\/blogs.elcomercio.es\/reflexiones-de-belarmino\/wp-json\/wp\/v2\/posts\/23779\/revisions"}],"predecessor-version":[{"id":23781,"href":"https:\/\/blogs.elcomercio.es\/reflexiones-de-belarmino\/wp-json\/wp\/v2\/posts\/23779\/revisions\/23781"}],"wp:attachment":[{"href":"https:\/\/blogs.elcomercio.es\/reflexiones-de-belarmino\/wp-json\/wp\/v2\/media?parent=23779"}],"wp:term":[{"taxonomy":"category","embeddable":true,"href":"https:\/\/blogs.elcomercio.es\/reflexiones-de-belarmino\/wp-json\/wp\/v2\/categories?post=23779"},{"taxonomy":"post_tag","embeddable":true,"href":"https:\/\/blogs.elcomercio.es\/reflexiones-de-belarmino\/wp-json\/wp\/v2\/tags?post=23779"}],"curies":[{"name":"wp","href":"https:\/\/api.w.org\/{rel}","templated":true}]}}