{"id":23784,"date":"2022-07-20T15:30:12","date_gmt":"2022-07-20T13:30:12","guid":{"rendered":"https:\/\/blogs.elcomercio.es\/reflexiones-de-belarmino\/?p=23784"},"modified":"2022-07-20T15:30:12","modified_gmt":"2022-07-20T13:30:12","slug":"fuerte-alianza-hoy-en-teheran-entre-putin-erdogan-y-raihasi","status":"publish","type":"post","link":"https:\/\/blogs.elcomercio.es\/reflexiones-de-belarmino\/2022\/07\/20\/fuerte-alianza-hoy-en-teheran-entre-putin-erdogan-y-raihasi\/","title":{"rendered":"\u00a1\u00a1\u00a1\u00a1 FUERTE ALIANZA HOY EN TEHER\u00c1N, ENTRE PUTIN, ERDOGAN Y RAIHASI !!!"},"content":{"rendered":"<p><b>Vladimir Putin\u00a0 est\u00e1 hoy, por primera\u00a0desde que se inici\u00f3 la guerra, fuera de su territorio.Necesitados \u00e9l y Rog\u00e1ndote\u00a0presidente de Turqu\u00eda de importantes acuerdos, lo hicieron en Ir\u00e1n con el presidente Raihasi.<\/b><\/p>\n<p><b>En el marco de la salida de cereales de Ucrania por el Mar Negro y el Estrecho del B\u00f3sforo, que se har\u00e1 con Ucrania\u00a0y la ONU, aprovecharon a hacer una reuni\u00f3n poderosa de tres paises estrat\u00e9gicos\u00a0en esa zona: RUSIA, TURQU\u00cdA\u00a0\u00a0E IR\u00c1N.<\/b><\/p>\n<p><b>Sabremos m\u00e1s tarde los acuerdos, pero\u00a0Putin reiter\u00f3 que su ofensiva en el Sur se incrementar\u00e1.<\/b><\/p>\n<!-- AddThis Advanced Settings generic via filter on the_content --><!-- AddThis Share Buttons generic via filter on the_content -->","protected":false},"excerpt":{"rendered":"<p>Vladimir Putin\u00a0 est\u00e1 hoy, por primera\u00a0desde que se inici\u00f3 la guerra, fuera de su territorio.Necesitados \u00e9l y Rog\u00e1ndote\u00a0presidente de Turqu\u00eda de importantes acuerdos, lo hicieron en Ir\u00e1n con el presidente Raihasi. En el marco de la salida de cereales de Ucrania por el Mar Negro y el Estrecho del B\u00f3sforo, que se har\u00e1 con Ucrania\u00a0y [&hellip;]<!-- AddThis Advanced Settings generic via filter on get_the_excerpt --><!-- AddThis Share Buttons generic via filter on get_the_excerpt --><\/p>\n","protected":false},"author":16,"featured_media":0,"comment_status":"open","ping_status":"closed","sticky":false,"template":"","format":"standard","meta":[],"categories":[1],"tags":[],"_links":{"self":[{"href":"https:\/\/blogs.elcomercio.es\/reflexiones-de-belarmino\/wp-json\/wp\/v2\/posts\/23784"}],"collection":[{"href":"https:\/\/blogs.elcomercio.es\/reflexiones-de-belarmino\/wp-json\/wp\/v2\/posts"}],"about":[{"href":"https:\/\/blogs.elcomercio.es\/reflexiones-de-belarmino\/wp-json\/wp\/v2\/types\/post"}],"author":[{"embeddable":true,"href":"https:\/\/blogs.elcomercio.es\/reflexiones-de-belarmino\/wp-json\/wp\/v2\/users\/16"}],"replies":[{"embeddable":true,"href":"https:\/\/blogs.elcomercio.es\/reflexiones-de-belarmino\/wp-json\/wp\/v2\/comments?post=23784"}],"version-history":[{"count":1,"href":"https:\/\/blogs.elcomercio.es\/reflexiones-de-belarmino\/wp-json\/wp\/v2\/posts\/23784\/revisions"}],"predecessor-version":[{"id":23785,"href":"https:\/\/blogs.elcomercio.es\/reflexiones-de-belarmino\/wp-json\/wp\/v2\/posts\/23784\/revisions\/23785"}],"wp:attachment":[{"href":"https:\/\/blogs.elcomercio.es\/reflexiones-de-belarmino\/wp-json\/wp\/v2\/media?parent=23784"}],"wp:term":[{"taxonomy":"category","embeddable":true,"href":"https:\/\/blogs.elcomercio.es\/reflexiones-de-belarmino\/wp-json\/wp\/v2\/categories?post=23784"},{"taxonomy":"post_tag","embeddable":true,"href":"https:\/\/blogs.elcomercio.es\/reflexiones-de-belarmino\/wp-json\/wp\/v2\/tags?post=23784"}],"curies":[{"name":"wp","href":"https:\/\/api.w.org\/{rel}","templated":true}]}}