{"id":23806,"date":"2022-07-21T10:34:28","date_gmt":"2022-07-21T08:34:28","guid":{"rendered":"https:\/\/blogs.elcomercio.es\/reflexiones-de-belarmino\/?p=23806"},"modified":"2022-07-21T10:34:28","modified_gmt":"2022-07-21T08:34:28","slug":"hoy-a-las-5-de-la-madrugada-rusia-restablecio-el-envio-del-gas-a-europa","status":"publish","type":"post","link":"https:\/\/blogs.elcomercio.es\/reflexiones-de-belarmino\/2022\/07\/21\/hoy-a-las-5-de-la-madrugada-rusia-restablecio-el-envio-del-gas-a-europa\/","title":{"rendered":"\u00a1\u00a1\u00a1\u00a1HOY A LAS 5 DE LA MADRUGADA RUSIA RESTABLECI\u00d3 EL ENVI\u00d3 DEL GAS A EUROPA !!!"},"content":{"rendered":"<p><b>Se confirm\u00f3. Tras haber recibido la turbina reparada de Canad\u00e1, y tras la comunicaci\u00f3n ayer de Alemania que hoy se reanudaba de nuevo el gas ruso a Europa a trav\u00e9s del Nord Stream I,hoy a las 5 de la madrugada se restableci\u00f3 el envi\u00f3\u00a0del gas ruso a Europa.En principio est\u00e1 llegando el 30 %..<\/b><\/p>\n<!-- AddThis Advanced Settings generic via filter on the_content --><!-- AddThis Share Buttons generic via filter on the_content -->","protected":false},"excerpt":{"rendered":"<p>Se confirm\u00f3. Tras haber recibido la turbina reparada de Canad\u00e1, y tras la comunicaci\u00f3n ayer de Alemania que hoy se reanudaba de nuevo el gas ruso a Europa a trav\u00e9s del Nord Stream I,hoy a las 5 de la madrugada se restableci\u00f3 el envi\u00f3\u00a0del gas ruso a Europa.En principio est\u00e1 llegando el 30 %..<!-- AddThis Advanced Settings generic via filter on get_the_excerpt --><!-- AddThis Share Buttons generic via filter on get_the_excerpt --><\/p>\n","protected":false},"author":16,"featured_media":0,"comment_status":"open","ping_status":"closed","sticky":false,"template":"","format":"standard","meta":[],"categories":[1],"tags":[],"_links":{"self":[{"href":"https:\/\/blogs.elcomercio.es\/reflexiones-de-belarmino\/wp-json\/wp\/v2\/posts\/23806"}],"collection":[{"href":"https:\/\/blogs.elcomercio.es\/reflexiones-de-belarmino\/wp-json\/wp\/v2\/posts"}],"about":[{"href":"https:\/\/blogs.elcomercio.es\/reflexiones-de-belarmino\/wp-json\/wp\/v2\/types\/post"}],"author":[{"embeddable":true,"href":"https:\/\/blogs.elcomercio.es\/reflexiones-de-belarmino\/wp-json\/wp\/v2\/users\/16"}],"replies":[{"embeddable":true,"href":"https:\/\/blogs.elcomercio.es\/reflexiones-de-belarmino\/wp-json\/wp\/v2\/comments?post=23806"}],"version-history":[{"count":1,"href":"https:\/\/blogs.elcomercio.es\/reflexiones-de-belarmino\/wp-json\/wp\/v2\/posts\/23806\/revisions"}],"predecessor-version":[{"id":23807,"href":"https:\/\/blogs.elcomercio.es\/reflexiones-de-belarmino\/wp-json\/wp\/v2\/posts\/23806\/revisions\/23807"}],"wp:attachment":[{"href":"https:\/\/blogs.elcomercio.es\/reflexiones-de-belarmino\/wp-json\/wp\/v2\/media?parent=23806"}],"wp:term":[{"taxonomy":"category","embeddable":true,"href":"https:\/\/blogs.elcomercio.es\/reflexiones-de-belarmino\/wp-json\/wp\/v2\/categories?post=23806"},{"taxonomy":"post_tag","embeddable":true,"href":"https:\/\/blogs.elcomercio.es\/reflexiones-de-belarmino\/wp-json\/wp\/v2\/tags?post=23806"}],"curies":[{"name":"wp","href":"https:\/\/api.w.org\/{rel}","templated":true}]}}