{"id":23812,"date":"2022-07-21T11:25:16","date_gmt":"2022-07-21T09:25:16","guid":{"rendered":"https:\/\/blogs.elcomercio.es\/reflexiones-de-belarmino\/?p=23812"},"modified":"2022-07-21T11:25:16","modified_gmt":"2022-07-21T09:25:16","slug":"felix-bolanos-espana-no-tendra-ninguna-restriccion-en-el-gas-y-en-la-energia","status":"publish","type":"post","link":"https:\/\/blogs.elcomercio.es\/reflexiones-de-belarmino\/2022\/07\/21\/felix-bolanos-espana-no-tendra-ninguna-restriccion-en-el-gas-y-en-la-energia\/","title":{"rendered":"\u00a1\u00a1\u00a1\u00a1FELIX BOLA\u00d1OS: &#8221; ESPA\u00d1A NO TENDR\u00c1 NINGUNA RESTRICCI\u00d3N EN EL GAS Y EN LA ENERG\u00cdA &#8220;&#8221;!!"},"content":{"rendered":"<p><b>Felix Bola\u00f1os acaba de declarar que ESPA\u00d1A NO TENDR\u00c1\u00a0NINGUNA RESTRICCI\u00d3N\u00a0NI EN EL GAS NI EN LA ENERG\u00cdA\u00a0.<\/b><\/p>\n<!-- AddThis Advanced Settings generic via filter on the_content --><!-- AddThis Share Buttons generic via filter on the_content -->","protected":false},"excerpt":{"rendered":"<p>Felix Bola\u00f1os acaba de declarar que ESPA\u00d1A NO TENDR\u00c1\u00a0NINGUNA RESTRICCI\u00d3N\u00a0NI EN EL GAS NI EN LA ENERG\u00cdA\u00a0.<!-- AddThis Advanced Settings generic via filter on get_the_excerpt --><!-- AddThis Share Buttons generic via filter on get_the_excerpt --><\/p>\n","protected":false},"author":16,"featured_media":0,"comment_status":"open","ping_status":"closed","sticky":false,"template":"","format":"standard","meta":[],"categories":[1],"tags":[],"_links":{"self":[{"href":"https:\/\/blogs.elcomercio.es\/reflexiones-de-belarmino\/wp-json\/wp\/v2\/posts\/23812"}],"collection":[{"href":"https:\/\/blogs.elcomercio.es\/reflexiones-de-belarmino\/wp-json\/wp\/v2\/posts"}],"about":[{"href":"https:\/\/blogs.elcomercio.es\/reflexiones-de-belarmino\/wp-json\/wp\/v2\/types\/post"}],"author":[{"embeddable":true,"href":"https:\/\/blogs.elcomercio.es\/reflexiones-de-belarmino\/wp-json\/wp\/v2\/users\/16"}],"replies":[{"embeddable":true,"href":"https:\/\/blogs.elcomercio.es\/reflexiones-de-belarmino\/wp-json\/wp\/v2\/comments?post=23812"}],"version-history":[{"count":1,"href":"https:\/\/blogs.elcomercio.es\/reflexiones-de-belarmino\/wp-json\/wp\/v2\/posts\/23812\/revisions"}],"predecessor-version":[{"id":23813,"href":"https:\/\/blogs.elcomercio.es\/reflexiones-de-belarmino\/wp-json\/wp\/v2\/posts\/23812\/revisions\/23813"}],"wp:attachment":[{"href":"https:\/\/blogs.elcomercio.es\/reflexiones-de-belarmino\/wp-json\/wp\/v2\/media?parent=23812"}],"wp:term":[{"taxonomy":"category","embeddable":true,"href":"https:\/\/blogs.elcomercio.es\/reflexiones-de-belarmino\/wp-json\/wp\/v2\/categories?post=23812"},{"taxonomy":"post_tag","embeddable":true,"href":"https:\/\/blogs.elcomercio.es\/reflexiones-de-belarmino\/wp-json\/wp\/v2\/tags?post=23812"}],"curies":[{"name":"wp","href":"https:\/\/api.w.org\/{rel}","templated":true}]}}