{"id":23814,"date":"2022-07-21T11:30:12","date_gmt":"2022-07-21T09:30:12","guid":{"rendered":"https:\/\/blogs.elcomercio.es\/reflexiones-de-belarmino\/?p=23814"},"modified":"2022-07-21T11:30:12","modified_gmt":"2022-07-21T09:30:12","slug":"el-sporting-empieza-con-buen-pie-derrotando-en-santander-al-racing","status":"publish","type":"post","link":"https:\/\/blogs.elcomercio.es\/reflexiones-de-belarmino\/2022\/07\/21\/el-sporting-empieza-con-buen-pie-derrotando-en-santander-al-racing\/","title":{"rendered":"\u00a1\u00a1\u00a1\u00a1 EL SPORTING EMPIEZA CON BUEN PIE DERROTANDO EN SANTANDER AL RACING !!!"},"content":{"rendered":"<p><b>Ilusi\u00f3n en el f\u00fatbol, en todos los paises del mundo, ilusi\u00f3n para la poblaci\u00f3n. Es regla universal, que no entramos a profundizar.<\/b><\/p>\n<p><b>Ayer, en el primer\u00a0paso de un trabajo\u00a0serio y met\u00f3dico\u00a0se tuvo la primera satisfacci\u00f3n. En partido amistoso el Sporting derrot\u00f3 0-1 al Racing de Santander.<\/b><\/p>\n<p>&nbsp;<\/p>\n<!-- AddThis Advanced Settings generic via filter on the_content --><!-- AddThis Share Buttons generic via filter on the_content -->","protected":false},"excerpt":{"rendered":"<p>Ilusi\u00f3n en el f\u00fatbol, en todos los paises del mundo, ilusi\u00f3n para la poblaci\u00f3n. Es regla universal, que no entramos a profundizar. Ayer, en el primer\u00a0paso de un trabajo\u00a0serio y met\u00f3dico\u00a0se tuvo la primera satisfacci\u00f3n. En partido amistoso el Sporting derrot\u00f3 0-1 al Racing de Santander. &nbsp;<!-- AddThis Advanced Settings generic via filter on get_the_excerpt --><!-- AddThis Share Buttons generic via filter on get_the_excerpt --><\/p>\n","protected":false},"author":16,"featured_media":0,"comment_status":"open","ping_status":"closed","sticky":false,"template":"","format":"standard","meta":[],"categories":[1],"tags":[],"_links":{"self":[{"href":"https:\/\/blogs.elcomercio.es\/reflexiones-de-belarmino\/wp-json\/wp\/v2\/posts\/23814"}],"collection":[{"href":"https:\/\/blogs.elcomercio.es\/reflexiones-de-belarmino\/wp-json\/wp\/v2\/posts"}],"about":[{"href":"https:\/\/blogs.elcomercio.es\/reflexiones-de-belarmino\/wp-json\/wp\/v2\/types\/post"}],"author":[{"embeddable":true,"href":"https:\/\/blogs.elcomercio.es\/reflexiones-de-belarmino\/wp-json\/wp\/v2\/users\/16"}],"replies":[{"embeddable":true,"href":"https:\/\/blogs.elcomercio.es\/reflexiones-de-belarmino\/wp-json\/wp\/v2\/comments?post=23814"}],"version-history":[{"count":1,"href":"https:\/\/blogs.elcomercio.es\/reflexiones-de-belarmino\/wp-json\/wp\/v2\/posts\/23814\/revisions"}],"predecessor-version":[{"id":23815,"href":"https:\/\/blogs.elcomercio.es\/reflexiones-de-belarmino\/wp-json\/wp\/v2\/posts\/23814\/revisions\/23815"}],"wp:attachment":[{"href":"https:\/\/blogs.elcomercio.es\/reflexiones-de-belarmino\/wp-json\/wp\/v2\/media?parent=23814"}],"wp:term":[{"taxonomy":"category","embeddable":true,"href":"https:\/\/blogs.elcomercio.es\/reflexiones-de-belarmino\/wp-json\/wp\/v2\/categories?post=23814"},{"taxonomy":"post_tag","embeddable":true,"href":"https:\/\/blogs.elcomercio.es\/reflexiones-de-belarmino\/wp-json\/wp\/v2\/tags?post=23814"}],"curies":[{"name":"wp","href":"https:\/\/api.w.org\/{rel}","templated":true}]}}