{"id":23848,"date":"2022-07-22T12:08:32","date_gmt":"2022-07-22T10:08:32","guid":{"rendered":"https:\/\/blogs.elcomercio.es\/reflexiones-de-belarmino\/?p=23848"},"modified":"2022-07-22T12:08:32","modified_gmt":"2022-07-22T10:08:32","slug":"lula-oficialmente-candidato-a-la-presidencia-enfrentara-a-bolsonaro","status":"publish","type":"post","link":"https:\/\/blogs.elcomercio.es\/reflexiones-de-belarmino\/2022\/07\/22\/lula-oficialmente-candidato-a-la-presidencia-enfrentara-a-bolsonaro\/","title":{"rendered":"\u00a1\u00a1\u00a1\u00a1LULA OFICIALMENTE CANDIDATO A LA PRESIDENCIA, ENFRENTAR\u00c1 A BOLSONARO !!!"},"content":{"rendered":"<p><b>Ayer, fue declarado oficialmente candidato\u00a0a la Presidencia de Brasil, la primera econom\u00eda de Am\u00e9rica Latina, Luis Ignacio &#8221; Lula&#8221; Da Silva. &#8220;Lula&#8221; el obrero siderometal\u00fargico\u00a0, que perdi\u00f3\u00a0un dedo trabajando en la f\u00e1brica, 8 a\u00f1os presidente del pa\u00eds, lider de la regi\u00f3n, parte con mayor\u00eda\u00a0clara sobre el candidato\u00a0de Trump, de Bannon, de Vox.<\/b><\/p>\n<p><b>Brasil es la 9a. econom\u00eda mundial, s\u00f3lo tras EE:UU. China, Jap\u00f3n, India, Alemania, Reino Unido y Francia e Italia.<\/b><\/p>\n<p><b>De ganar, Brasil, M\u00e9xico\u00a0, Argentina\u00a0y Chile, entre otros habr\u00e1n dado un paso muy importante\u00a0en la Nueva Am\u00e9rica Latina.<\/b><\/p>\n<!-- AddThis Advanced Settings generic via filter on the_content --><!-- AddThis Share Buttons generic via filter on the_content -->","protected":false},"excerpt":{"rendered":"<p>Ayer, fue declarado oficialmente candidato\u00a0a la Presidencia de Brasil, la primera econom\u00eda de Am\u00e9rica Latina, Luis Ignacio &#8221; Lula&#8221; Da Silva. &#8220;Lula&#8221; el obrero siderometal\u00fargico\u00a0, que perdi\u00f3\u00a0un dedo trabajando en la f\u00e1brica, 8 a\u00f1os presidente del pa\u00eds, lider de la regi\u00f3n, parte con mayor\u00eda\u00a0clara sobre el candidato\u00a0de Trump, de Bannon, de Vox. Brasil es la [&hellip;]<!-- AddThis Advanced Settings generic via filter on get_the_excerpt --><!-- AddThis Share Buttons generic via filter on get_the_excerpt --><\/p>\n","protected":false},"author":16,"featured_media":0,"comment_status":"open","ping_status":"closed","sticky":false,"template":"","format":"standard","meta":[],"categories":[1],"tags":[],"_links":{"self":[{"href":"https:\/\/blogs.elcomercio.es\/reflexiones-de-belarmino\/wp-json\/wp\/v2\/posts\/23848"}],"collection":[{"href":"https:\/\/blogs.elcomercio.es\/reflexiones-de-belarmino\/wp-json\/wp\/v2\/posts"}],"about":[{"href":"https:\/\/blogs.elcomercio.es\/reflexiones-de-belarmino\/wp-json\/wp\/v2\/types\/post"}],"author":[{"embeddable":true,"href":"https:\/\/blogs.elcomercio.es\/reflexiones-de-belarmino\/wp-json\/wp\/v2\/users\/16"}],"replies":[{"embeddable":true,"href":"https:\/\/blogs.elcomercio.es\/reflexiones-de-belarmino\/wp-json\/wp\/v2\/comments?post=23848"}],"version-history":[{"count":2,"href":"https:\/\/blogs.elcomercio.es\/reflexiones-de-belarmino\/wp-json\/wp\/v2\/posts\/23848\/revisions"}],"predecessor-version":[{"id":23850,"href":"https:\/\/blogs.elcomercio.es\/reflexiones-de-belarmino\/wp-json\/wp\/v2\/posts\/23848\/revisions\/23850"}],"wp:attachment":[{"href":"https:\/\/blogs.elcomercio.es\/reflexiones-de-belarmino\/wp-json\/wp\/v2\/media?parent=23848"}],"wp:term":[{"taxonomy":"category","embeddable":true,"href":"https:\/\/blogs.elcomercio.es\/reflexiones-de-belarmino\/wp-json\/wp\/v2\/categories?post=23848"},{"taxonomy":"post_tag","embeddable":true,"href":"https:\/\/blogs.elcomercio.es\/reflexiones-de-belarmino\/wp-json\/wp\/v2\/tags?post=23848"}],"curies":[{"name":"wp","href":"https:\/\/api.w.org\/{rel}","templated":true}]}}