{"id":23853,"date":"2022-07-22T16:42:08","date_gmt":"2022-07-22T14:42:08","guid":{"rendered":"https:\/\/blogs.elcomercio.es\/reflexiones-de-belarmino\/?p=23853"},"modified":"2022-07-22T16:42:08","modified_gmt":"2022-07-22T14:42:08","slug":"hoy-hace-un-hora-en-el-palacio-dolmabahce-de-estambul-debio-firmarse-acuerdo-salida-de-granos","status":"publish","type":"post","link":"https:\/\/blogs.elcomercio.es\/reflexiones-de-belarmino\/2022\/07\/22\/hoy-hace-un-hora-en-el-palacio-dolmabahce-de-estambul-debio-firmarse-acuerdo-salida-de-granos\/","title":{"rendered":"\u00a1\u00a1\u00a1HOY, HACE UN HORA, EN EL PALACIO DOLMABAHCE DE ESTAMBUL, DEBI\u00d3 FIRMARSE ACUERDO SALIDA DE GRANOS !!!"},"content":{"rendered":"<p><b>A las 16.30 hs, (15.30 hs Espa\u00f1a) estaba anunciado la firma entre Recep Erdogan, presidente de Turqu\u00eda y Antonio Gutierres, Secretario General de Naciones Unidas, sobre el acuerdo\u00a0para la salida por el Mar Negro de 30 millones de toneladas de granos hacia el mundo.<\/b><\/p>\n<p><b> Ya sali\u00f3 el Ministro de Defensa ruso Serguei Shoigu\u00a0 hacia la ciudad de Estambul, en cuyo Palacio Dolmabahce , en las orillas europeas del B\u00f3sforo, estaba\u00a0anunciada la firma, del\u00a0 Convenio, pero ha\u00a0pasado\u00a0una hora y todav\u00eda no se produce. Ucrania manifest\u00f3 hace horas alg\u00fan desacuerdo.<\/b><\/p>\n<p><strong>Es tan vital para el mundo esta salida de grano, que estaremos pendiente en cuanto se firme.<\/strong><\/p>\n<!-- AddThis Advanced Settings generic via filter on the_content --><!-- AddThis Share Buttons generic via filter on the_content -->","protected":false},"excerpt":{"rendered":"<p>A las 16.30 hs, (15.30 hs Espa\u00f1a) estaba anunciado la firma entre Recep Erdogan, presidente de Turqu\u00eda y Antonio Gutierres, Secretario General de Naciones Unidas, sobre el acuerdo\u00a0para la salida por el Mar Negro de 30 millones de toneladas de granos hacia el mundo. Ya sali\u00f3 el Ministro de Defensa ruso Serguei Shoigu\u00a0 hacia la [&hellip;]<!-- AddThis Advanced Settings generic via filter on get_the_excerpt --><!-- AddThis Share Buttons generic via filter on get_the_excerpt --><\/p>\n","protected":false},"author":16,"featured_media":0,"comment_status":"open","ping_status":"closed","sticky":false,"template":"","format":"standard","meta":[],"categories":[1],"tags":[],"_links":{"self":[{"href":"https:\/\/blogs.elcomercio.es\/reflexiones-de-belarmino\/wp-json\/wp\/v2\/posts\/23853"}],"collection":[{"href":"https:\/\/blogs.elcomercio.es\/reflexiones-de-belarmino\/wp-json\/wp\/v2\/posts"}],"about":[{"href":"https:\/\/blogs.elcomercio.es\/reflexiones-de-belarmino\/wp-json\/wp\/v2\/types\/post"}],"author":[{"embeddable":true,"href":"https:\/\/blogs.elcomercio.es\/reflexiones-de-belarmino\/wp-json\/wp\/v2\/users\/16"}],"replies":[{"embeddable":true,"href":"https:\/\/blogs.elcomercio.es\/reflexiones-de-belarmino\/wp-json\/wp\/v2\/comments?post=23853"}],"version-history":[{"count":1,"href":"https:\/\/blogs.elcomercio.es\/reflexiones-de-belarmino\/wp-json\/wp\/v2\/posts\/23853\/revisions"}],"predecessor-version":[{"id":23854,"href":"https:\/\/blogs.elcomercio.es\/reflexiones-de-belarmino\/wp-json\/wp\/v2\/posts\/23853\/revisions\/23854"}],"wp:attachment":[{"href":"https:\/\/blogs.elcomercio.es\/reflexiones-de-belarmino\/wp-json\/wp\/v2\/media?parent=23853"}],"wp:term":[{"taxonomy":"category","embeddable":true,"href":"https:\/\/blogs.elcomercio.es\/reflexiones-de-belarmino\/wp-json\/wp\/v2\/categories?post=23853"},{"taxonomy":"post_tag","embeddable":true,"href":"https:\/\/blogs.elcomercio.es\/reflexiones-de-belarmino\/wp-json\/wp\/v2\/tags?post=23853"}],"curies":[{"name":"wp","href":"https:\/\/api.w.org\/{rel}","templated":true}]}}