{"id":23858,"date":"2022-07-23T09:40:51","date_gmt":"2022-07-23T07:40:51","guid":{"rendered":"https:\/\/blogs.elcomercio.es\/reflexiones-de-belarmino\/?p=23858"},"modified":"2022-07-23T09:40:51","modified_gmt":"2022-07-23T07:40:51","slug":"victoria-federica-al-ataque-el-futuro-borbonico-se-va-definiendo","status":"publish","type":"post","link":"https:\/\/blogs.elcomercio.es\/reflexiones-de-belarmino\/2022\/07\/23\/victoria-federica-al-ataque-el-futuro-borbonico-se-va-definiendo\/","title":{"rendered":"\u00a1\u00a1\u00a1\u00a1&#8221;VICTORIA FEDERICA, AL ATAQUE&#8221;, EL FUTURO BORB\u00d3NICO SE VA DEFINIENDO !!!"},"content":{"rendered":"<p><b>Con respeto al rey Felipe VI, a la reina\u00a0Letizia\u00a0y a sus preparadas hijas,acaba de aparecer lo que\u00a0podr\u00eda ser la continuidad de la dinast\u00eda\u00a0de\u00a0tres siglos de la que Espa\u00f1a apenas tiene recuerdos para alegrarse, pero que nos fue impuesta en 1714.<\/b><\/p>\n<p><b>Acaba de aparecer, desafiante, para mostrar socialmente quienes son los descendientes de Juan Carlos I, y sus predecesores.No es alguien destacado por su preparaci\u00f3n, innovaci\u00f3n\u00a0de sus ideas o por la preocupaci\u00f3n de Espa\u00f1a. No se trata de VICTORIA FEDERICA, la &#8220;influencer&#8221; que se abre paso entre redes sociales y su vida privada.\u00a0<\/b><\/p>\n<p><b>En la ESPA\u00d1A DEMOCR\u00c1TICA\u00a0POL\u00cdTICA\u00a0Y ECON\u00d3MICAMENTE\u00a0que hay que buscar, no caben\u00a0\u00a0esos personajes, ni siquiera, para el momento que\u00a0llegue una monarqu\u00eda en nuestro\u00a0pa\u00eds.No es inmediato lo hemos se\u00f1alado, vas a ser un proceso que surja de abajo hacia arriba y que, m\u00e1s temprano que tarde, como dec\u00eda Allende, llegar\u00e1.<\/b><\/p>\n<!-- AddThis Advanced Settings generic via filter on the_content --><!-- AddThis Share Buttons generic via filter on the_content -->","protected":false},"excerpt":{"rendered":"<p>Con respeto al rey Felipe VI, a la reina\u00a0Letizia\u00a0y a sus preparadas hijas,acaba de aparecer lo que\u00a0podr\u00eda ser la continuidad de la dinast\u00eda\u00a0de\u00a0tres siglos de la que Espa\u00f1a apenas tiene recuerdos para alegrarse, pero que nos fue impuesta en 1714. Acaba de aparecer, desafiante, para mostrar socialmente quienes son los descendientes de Juan Carlos I, [&hellip;]<!-- AddThis Advanced Settings generic via filter on get_the_excerpt --><!-- AddThis Share Buttons generic via filter on get_the_excerpt --><\/p>\n","protected":false},"author":16,"featured_media":0,"comment_status":"open","ping_status":"closed","sticky":false,"template":"","format":"standard","meta":[],"categories":[1],"tags":[],"_links":{"self":[{"href":"https:\/\/blogs.elcomercio.es\/reflexiones-de-belarmino\/wp-json\/wp\/v2\/posts\/23858"}],"collection":[{"href":"https:\/\/blogs.elcomercio.es\/reflexiones-de-belarmino\/wp-json\/wp\/v2\/posts"}],"about":[{"href":"https:\/\/blogs.elcomercio.es\/reflexiones-de-belarmino\/wp-json\/wp\/v2\/types\/post"}],"author":[{"embeddable":true,"href":"https:\/\/blogs.elcomercio.es\/reflexiones-de-belarmino\/wp-json\/wp\/v2\/users\/16"}],"replies":[{"embeddable":true,"href":"https:\/\/blogs.elcomercio.es\/reflexiones-de-belarmino\/wp-json\/wp\/v2\/comments?post=23858"}],"version-history":[{"count":1,"href":"https:\/\/blogs.elcomercio.es\/reflexiones-de-belarmino\/wp-json\/wp\/v2\/posts\/23858\/revisions"}],"predecessor-version":[{"id":23859,"href":"https:\/\/blogs.elcomercio.es\/reflexiones-de-belarmino\/wp-json\/wp\/v2\/posts\/23858\/revisions\/23859"}],"wp:attachment":[{"href":"https:\/\/blogs.elcomercio.es\/reflexiones-de-belarmino\/wp-json\/wp\/v2\/media?parent=23858"}],"wp:term":[{"taxonomy":"category","embeddable":true,"href":"https:\/\/blogs.elcomercio.es\/reflexiones-de-belarmino\/wp-json\/wp\/v2\/categories?post=23858"},{"taxonomy":"post_tag","embeddable":true,"href":"https:\/\/blogs.elcomercio.es\/reflexiones-de-belarmino\/wp-json\/wp\/v2\/tags?post=23858"}],"curies":[{"name":"wp","href":"https:\/\/api.w.org\/{rel}","templated":true}]}}