{"id":23860,"date":"2022-07-23T09:53:45","date_gmt":"2022-07-23T07:53:45","guid":{"rendered":"https:\/\/blogs.elcomercio.es\/reflexiones-de-belarmino\/?p=23860"},"modified":"2022-07-23T09:53:45","modified_gmt":"2022-07-23T07:53:45","slug":"las-cuatro-principales-economias-de-la-zona-euro-contienen-el-aliento-para-eludir-una-recesion","status":"publish","type":"post","link":"https:\/\/blogs.elcomercio.es\/reflexiones-de-belarmino\/2022\/07\/23\/las-cuatro-principales-economias-de-la-zona-euro-contienen-el-aliento-para-eludir-una-recesion\/","title":{"rendered":"\u00a1\u00a1\u00a1LAS CUATRO PRINCIPALES ECONOM\u00cdAS DE LA ZONA EURO CONTIENEN EL ALIENTO PARA ELUDIR UNA RECESI\u00d3N !!!"},"content":{"rendered":"<p><b>Habiendo salido el Reino Unido, las cuatro principales econom\u00edas de la Zona Euro, son Alemania, Francia, Italia y Espa\u00f1a. Las cuatro\u00a0contienen\u00a0el aliento ante\u00a0el temor de una recesi\u00f3n.<\/b><\/p>\n<p><b>Alemania,la\u00a0locomotora de Europa, mantiene la ralentizaci\u00f3n\u00a0, Francia, la m\u00e1s pr\u00f3xima a la estanflaci\u00f3n,Italia en el punto de mira de los mercados y Espa\u00f1a que se resiste a caer.<\/b><\/p>\n<p><strong>As\u00ed va a empezar septiembre, tras\u00a0 disfrutar el verano.<\/strong><\/p>\n<!-- AddThis Advanced Settings generic via filter on the_content --><!-- AddThis Share Buttons generic via filter on the_content -->","protected":false},"excerpt":{"rendered":"<p>Habiendo salido el Reino Unido, las cuatro principales econom\u00edas de la Zona Euro, son Alemania, Francia, Italia y Espa\u00f1a. Las cuatro\u00a0contienen\u00a0el aliento ante\u00a0el temor de una recesi\u00f3n. Alemania,la\u00a0locomotora de Europa, mantiene la ralentizaci\u00f3n\u00a0, Francia, la m\u00e1s pr\u00f3xima a la estanflaci\u00f3n,Italia en el punto de mira de los mercados y Espa\u00f1a que se resiste a caer. [&hellip;]<!-- AddThis Advanced Settings generic via filter on get_the_excerpt --><!-- AddThis Share Buttons generic via filter on get_the_excerpt --><\/p>\n","protected":false},"author":16,"featured_media":0,"comment_status":"open","ping_status":"closed","sticky":false,"template":"","format":"standard","meta":[],"categories":[1],"tags":[],"_links":{"self":[{"href":"https:\/\/blogs.elcomercio.es\/reflexiones-de-belarmino\/wp-json\/wp\/v2\/posts\/23860"}],"collection":[{"href":"https:\/\/blogs.elcomercio.es\/reflexiones-de-belarmino\/wp-json\/wp\/v2\/posts"}],"about":[{"href":"https:\/\/blogs.elcomercio.es\/reflexiones-de-belarmino\/wp-json\/wp\/v2\/types\/post"}],"author":[{"embeddable":true,"href":"https:\/\/blogs.elcomercio.es\/reflexiones-de-belarmino\/wp-json\/wp\/v2\/users\/16"}],"replies":[{"embeddable":true,"href":"https:\/\/blogs.elcomercio.es\/reflexiones-de-belarmino\/wp-json\/wp\/v2\/comments?post=23860"}],"version-history":[{"count":1,"href":"https:\/\/blogs.elcomercio.es\/reflexiones-de-belarmino\/wp-json\/wp\/v2\/posts\/23860\/revisions"}],"predecessor-version":[{"id":23861,"href":"https:\/\/blogs.elcomercio.es\/reflexiones-de-belarmino\/wp-json\/wp\/v2\/posts\/23860\/revisions\/23861"}],"wp:attachment":[{"href":"https:\/\/blogs.elcomercio.es\/reflexiones-de-belarmino\/wp-json\/wp\/v2\/media?parent=23860"}],"wp:term":[{"taxonomy":"category","embeddable":true,"href":"https:\/\/blogs.elcomercio.es\/reflexiones-de-belarmino\/wp-json\/wp\/v2\/categories?post=23860"},{"taxonomy":"post_tag","embeddable":true,"href":"https:\/\/blogs.elcomercio.es\/reflexiones-de-belarmino\/wp-json\/wp\/v2\/tags?post=23860"}],"curies":[{"name":"wp","href":"https:\/\/api.w.org\/{rel}","templated":true}]}}