{"id":23862,"date":"2022-07-23T10:02:49","date_gmt":"2022-07-23T08:02:49","guid":{"rendered":"https:\/\/blogs.elcomercio.es\/reflexiones-de-belarmino\/?p=23862"},"modified":"2022-07-23T10:02:49","modified_gmt":"2022-07-23T08:02:49","slug":"tras-el-historico-acuerdo-de-ayer-logrado-por-erdogan-no-se-vislumbra-un-proximo-alto-a-la-guerra","status":"publish","type":"post","link":"https:\/\/blogs.elcomercio.es\/reflexiones-de-belarmino\/2022\/07\/23\/tras-el-historico-acuerdo-de-ayer-logrado-por-erdogan-no-se-vislumbra-un-proximo-alto-a-la-guerra\/","title":{"rendered":"\u00a1\u00a1\u00a1TRAS EL HISTORICO ACUERDO DE AYER LOGRADO POR ERDOGAN, NO SE VISLUMBRA  UN PR\u00d3XIMO ALTO A LA GUERRA !!!"},"content":{"rendered":"<p><strong>Durar\u00e1 tres meses el desahogo de los 22 millones de toneladas de cereal y fertilizantes ucranianos y rusos por el mar negro, donde fue un triunfo hist\u00f3rico de Erdogan y Gutierres.Sin embargo no hay ning\u00fan indicador de que antes de final de a\u00f1o se produzca un alto en la guerra. Zelenski sigue pidiendo armamentos para derrotar a Rusia, Occidente, menos Alemania y Hungria , est\u00e1n dispuestos a hacerlo, y Rusia por su parte anuncia, cuando tiene el ESTE y parte del SUR, entre ellos el control del Mar de Azov, de\u00a0 que cuando se produzca un alto al fuego, sus tropas se quedar\u00e1n en el lugar alcanzado.<\/strong><\/p>\n<!-- AddThis Advanced Settings generic via filter on the_content --><!-- AddThis Share Buttons generic via filter on the_content -->","protected":false},"excerpt":{"rendered":"<p>Durar\u00e1 tres meses el desahogo de los 22 millones de toneladas de cereal y fertilizantes ucranianos y rusos por el mar negro, donde fue un triunfo hist\u00f3rico de Erdogan y Gutierres.Sin embargo no hay ning\u00fan indicador de que antes de final de a\u00f1o se produzca un alto en la guerra. Zelenski sigue pidiendo armamentos para [&hellip;]<!-- AddThis Advanced Settings generic via filter on get_the_excerpt --><!-- AddThis Share Buttons generic via filter on get_the_excerpt --><\/p>\n","protected":false},"author":16,"featured_media":0,"comment_status":"open","ping_status":"closed","sticky":false,"template":"","format":"standard","meta":[],"categories":[1],"tags":[],"_links":{"self":[{"href":"https:\/\/blogs.elcomercio.es\/reflexiones-de-belarmino\/wp-json\/wp\/v2\/posts\/23862"}],"collection":[{"href":"https:\/\/blogs.elcomercio.es\/reflexiones-de-belarmino\/wp-json\/wp\/v2\/posts"}],"about":[{"href":"https:\/\/blogs.elcomercio.es\/reflexiones-de-belarmino\/wp-json\/wp\/v2\/types\/post"}],"author":[{"embeddable":true,"href":"https:\/\/blogs.elcomercio.es\/reflexiones-de-belarmino\/wp-json\/wp\/v2\/users\/16"}],"replies":[{"embeddable":true,"href":"https:\/\/blogs.elcomercio.es\/reflexiones-de-belarmino\/wp-json\/wp\/v2\/comments?post=23862"}],"version-history":[{"count":1,"href":"https:\/\/blogs.elcomercio.es\/reflexiones-de-belarmino\/wp-json\/wp\/v2\/posts\/23862\/revisions"}],"predecessor-version":[{"id":23863,"href":"https:\/\/blogs.elcomercio.es\/reflexiones-de-belarmino\/wp-json\/wp\/v2\/posts\/23862\/revisions\/23863"}],"wp:attachment":[{"href":"https:\/\/blogs.elcomercio.es\/reflexiones-de-belarmino\/wp-json\/wp\/v2\/media?parent=23862"}],"wp:term":[{"taxonomy":"category","embeddable":true,"href":"https:\/\/blogs.elcomercio.es\/reflexiones-de-belarmino\/wp-json\/wp\/v2\/categories?post=23862"},{"taxonomy":"post_tag","embeddable":true,"href":"https:\/\/blogs.elcomercio.es\/reflexiones-de-belarmino\/wp-json\/wp\/v2\/tags?post=23862"}],"curies":[{"name":"wp","href":"https:\/\/api.w.org\/{rel}","templated":true}]}}