{"id":23864,"date":"2022-07-23T10:09:26","date_gmt":"2022-07-23T08:09:26","guid":{"rendered":"https:\/\/blogs.elcomercio.es\/reflexiones-de-belarmino\/?p=23864"},"modified":"2022-07-23T10:09:26","modified_gmt":"2022-07-23T08:09:26","slug":"golpe-bajo-de-podemos-a-yolanda-diaz-con-la-destitucion-de-santiago-cuando-ella-esta-en-los-ee-uu","status":"publish","type":"post","link":"https:\/\/blogs.elcomercio.es\/reflexiones-de-belarmino\/2022\/07\/23\/golpe-bajo-de-podemos-a-yolanda-diaz-con-la-destitucion-de-santiago-cuando-ella-esta-en-los-ee-uu\/","title":{"rendered":"\u00a1\u00a1\u00a1\u00a1GOLPE BAJO DE PODEMOS A YOLANDA D\u00cdAZ, CON LA DESTITUCI\u00d3N DE SANTIAGO CUANDO ELLA EST\u00c1 EN LOS EE.UU. !!!"},"content":{"rendered":"<p><b>La destituci\u00f3n como miembro\u00a0 del gobierno de Enrique Santiago, hombre\u00a0 del Partido Comunista de Espa\u00f1a que se atrevi\u00f3 a apoyar a Yolanda D\u00edaz en Andaluc\u00eda, fue un anuncio\u00a0de la actitud de Podemos ante el futuro del proyecto que empieza a tejer Yolanda D\u00edaz, estrat\u00e9gico.<\/b><\/p>\n<p><strong>Si no tienen altura de miras, no s\u00f3lo perjudicar\u00e1n a un proyecto como el de SUMAR que puede ser clave, sino mantendr\u00eda su eventual marginaci\u00f3n en la pol\u00edtica espa\u00f1ola.<\/strong><\/p>\n<!-- AddThis Advanced Settings generic via filter on the_content --><!-- AddThis Share Buttons generic via filter on the_content -->","protected":false},"excerpt":{"rendered":"<p>La destituci\u00f3n como miembro\u00a0 del gobierno de Enrique Santiago, hombre\u00a0 del Partido Comunista de Espa\u00f1a que se atrevi\u00f3 a apoyar a Yolanda D\u00edaz en Andaluc\u00eda, fue un anuncio\u00a0de la actitud de Podemos ante el futuro del proyecto que empieza a tejer Yolanda D\u00edaz, estrat\u00e9gico. Si no tienen altura de miras, no s\u00f3lo perjudicar\u00e1n a un [&hellip;]<!-- AddThis Advanced Settings generic via filter on get_the_excerpt --><!-- AddThis Share Buttons generic via filter on get_the_excerpt --><\/p>\n","protected":false},"author":16,"featured_media":0,"comment_status":"open","ping_status":"closed","sticky":false,"template":"","format":"standard","meta":[],"categories":[1],"tags":[],"_links":{"self":[{"href":"https:\/\/blogs.elcomercio.es\/reflexiones-de-belarmino\/wp-json\/wp\/v2\/posts\/23864"}],"collection":[{"href":"https:\/\/blogs.elcomercio.es\/reflexiones-de-belarmino\/wp-json\/wp\/v2\/posts"}],"about":[{"href":"https:\/\/blogs.elcomercio.es\/reflexiones-de-belarmino\/wp-json\/wp\/v2\/types\/post"}],"author":[{"embeddable":true,"href":"https:\/\/blogs.elcomercio.es\/reflexiones-de-belarmino\/wp-json\/wp\/v2\/users\/16"}],"replies":[{"embeddable":true,"href":"https:\/\/blogs.elcomercio.es\/reflexiones-de-belarmino\/wp-json\/wp\/v2\/comments?post=23864"}],"version-history":[{"count":1,"href":"https:\/\/blogs.elcomercio.es\/reflexiones-de-belarmino\/wp-json\/wp\/v2\/posts\/23864\/revisions"}],"predecessor-version":[{"id":23865,"href":"https:\/\/blogs.elcomercio.es\/reflexiones-de-belarmino\/wp-json\/wp\/v2\/posts\/23864\/revisions\/23865"}],"wp:attachment":[{"href":"https:\/\/blogs.elcomercio.es\/reflexiones-de-belarmino\/wp-json\/wp\/v2\/media?parent=23864"}],"wp:term":[{"taxonomy":"category","embeddable":true,"href":"https:\/\/blogs.elcomercio.es\/reflexiones-de-belarmino\/wp-json\/wp\/v2\/categories?post=23864"},{"taxonomy":"post_tag","embeddable":true,"href":"https:\/\/blogs.elcomercio.es\/reflexiones-de-belarmino\/wp-json\/wp\/v2\/tags?post=23864"}],"curies":[{"name":"wp","href":"https:\/\/api.w.org\/{rel}","templated":true}]}}