{"id":23895,"date":"2022-07-24T15:57:27","date_gmt":"2022-07-24T13:57:27","guid":{"rendered":"https:\/\/blogs.elcomercio.es\/reflexiones-de-belarmino\/?p=23895"},"modified":"2022-07-24T15:57:27","modified_gmt":"2022-07-24T13:57:27","slug":"la-desorganizacion-rusa-que-le-molesto-a-shoigu-si-bombardearon-odessa","status":"publish","type":"post","link":"https:\/\/blogs.elcomercio.es\/reflexiones-de-belarmino\/2022\/07\/24\/la-desorganizacion-rusa-que-le-molesto-a-shoigu-si-bombardearon-odessa\/","title":{"rendered":"\u00a1\u00a1\u00a1LA DESORGANIZACI\u00d3N RUSA QUE LE MOLEST\u00d3 A SHOIGU: &#8220;SI BOMBARDEARON ODESSA &#8220;!!!"},"content":{"rendered":"<p><b>Rusia mostr\u00f3 ayer una desorganizaci\u00f3n que debe\u00a0de haberle sentado muy mal al Ministro de Exteriores Sergu\u00e9i\u00a0Shoig\u00fa , quien asegur\u00f3 a Erdogan\u00a0que ellos no hab\u00edan bombardeado a Odessa\u00a0en el momento en que se acaba de firmar el acuerdo para la salida de los granos, pero que ayer tuvo que informar oficialmente Rusia que s\u00ed\u00a0lo hab\u00edan hecho, aunque fuese\u00a0a instalaciones militares.<\/b><\/p>\n<!-- AddThis Advanced Settings generic via filter on the_content --><!-- AddThis Share Buttons generic via filter on the_content -->","protected":false},"excerpt":{"rendered":"<p>Rusia mostr\u00f3 ayer una desorganizaci\u00f3n que debe\u00a0de haberle sentado muy mal al Ministro de Exteriores Sergu\u00e9i\u00a0Shoig\u00fa , quien asegur\u00f3 a Erdogan\u00a0que ellos no hab\u00edan bombardeado a Odessa\u00a0en el momento en que se acaba de firmar el acuerdo para la salida de los granos, pero que ayer tuvo que informar oficialmente Rusia que s\u00ed\u00a0lo hab\u00edan hecho, [&hellip;]<!-- AddThis Advanced Settings generic via filter on get_the_excerpt --><!-- AddThis Share Buttons generic via filter on get_the_excerpt --><\/p>\n","protected":false},"author":16,"featured_media":0,"comment_status":"open","ping_status":"closed","sticky":false,"template":"","format":"standard","meta":[],"categories":[1],"tags":[],"_links":{"self":[{"href":"https:\/\/blogs.elcomercio.es\/reflexiones-de-belarmino\/wp-json\/wp\/v2\/posts\/23895"}],"collection":[{"href":"https:\/\/blogs.elcomercio.es\/reflexiones-de-belarmino\/wp-json\/wp\/v2\/posts"}],"about":[{"href":"https:\/\/blogs.elcomercio.es\/reflexiones-de-belarmino\/wp-json\/wp\/v2\/types\/post"}],"author":[{"embeddable":true,"href":"https:\/\/blogs.elcomercio.es\/reflexiones-de-belarmino\/wp-json\/wp\/v2\/users\/16"}],"replies":[{"embeddable":true,"href":"https:\/\/blogs.elcomercio.es\/reflexiones-de-belarmino\/wp-json\/wp\/v2\/comments?post=23895"}],"version-history":[{"count":1,"href":"https:\/\/blogs.elcomercio.es\/reflexiones-de-belarmino\/wp-json\/wp\/v2\/posts\/23895\/revisions"}],"predecessor-version":[{"id":23896,"href":"https:\/\/blogs.elcomercio.es\/reflexiones-de-belarmino\/wp-json\/wp\/v2\/posts\/23895\/revisions\/23896"}],"wp:attachment":[{"href":"https:\/\/blogs.elcomercio.es\/reflexiones-de-belarmino\/wp-json\/wp\/v2\/media?parent=23895"}],"wp:term":[{"taxonomy":"category","embeddable":true,"href":"https:\/\/blogs.elcomercio.es\/reflexiones-de-belarmino\/wp-json\/wp\/v2\/categories?post=23895"},{"taxonomy":"post_tag","embeddable":true,"href":"https:\/\/blogs.elcomercio.es\/reflexiones-de-belarmino\/wp-json\/wp\/v2\/tags?post=23895"}],"curies":[{"name":"wp","href":"https:\/\/api.w.org\/{rel}","templated":true}]}}