{"id":23901,"date":"2022-07-24T16:28:16","date_gmt":"2022-07-24T14:28:16","guid":{"rendered":"https:\/\/blogs.elcomercio.es\/reflexiones-de-belarmino\/?p=23901"},"modified":"2022-07-24T16:28:16","modified_gmt":"2022-07-24T14:28:16","slug":"lista-la-grain-desk-en-estambul-para-la-salida-del-grano-con-un-almirante-turco-al-frente","status":"publish","type":"post","link":"https:\/\/blogs.elcomercio.es\/reflexiones-de-belarmino\/2022\/07\/24\/lista-la-grain-desk-en-estambul-para-la-salida-del-grano-con-un-almirante-turco-al-frente\/","title":{"rendered":"\u00a1\u00a1\u00a1\u00a1LISTA LA &#8220;GRAIN DESK&#8221;, EN ESTAMBUL PARA LA SALIDA DEL GRANO CON UN ALMIRANTE TURCO AL FRENTE !!!"},"content":{"rendered":"<p><b>Ya llegaron los 20 representantes que coordinar\u00e1n\u00a0la salida de los millones de toneladas de cereales, y han establecido su oficina en la Universidad de Levent en Estambul.Son ucranianos, rusos, turcos y de Naciones Unidas y a su oficina le llaman &#8220;grain desk&#8221;.<\/b><\/p>\n<p><b>Todo listo para una operaci\u00f3n\u00a0que se ser\u00e1 dirigida por un almirante turco, que saldr\u00e1 por el mar Negro, y durar\u00e1 tres meses hasta haber logrado la salida al mundo de 33 millones de toneladas de grano y fertilizantes, ucranianos y rusos.<\/b><\/p>\n<p><b>Desbloqueadas las minas, con el bombardeo ruso a un barco militar en Odessa, parece que gracias a Erdogan y a Gutierres, la crisis alimentaria no ser\u00e1 por ahora(bueno, adem\u00e1s de la persistente d\u00eda a d\u00eda).<\/b><\/p>\n<p>&nbsp;<\/p>\n<!-- AddThis Advanced Settings generic via filter on the_content --><!-- AddThis Share Buttons generic via filter on the_content -->","protected":false},"excerpt":{"rendered":"<p>Ya llegaron los 20 representantes que coordinar\u00e1n\u00a0la salida de los millones de toneladas de cereales, y han establecido su oficina en la Universidad de Levent en Estambul.Son ucranianos, rusos, turcos y de Naciones Unidas y a su oficina le llaman &#8220;grain desk&#8221;. Todo listo para una operaci\u00f3n\u00a0que se ser\u00e1 dirigida por un almirante turco, que [&hellip;]<!-- AddThis Advanced Settings generic via filter on get_the_excerpt --><!-- AddThis Share Buttons generic via filter on get_the_excerpt --><\/p>\n","protected":false},"author":16,"featured_media":0,"comment_status":"open","ping_status":"closed","sticky":false,"template":"","format":"standard","meta":[],"categories":[1],"tags":[],"_links":{"self":[{"href":"https:\/\/blogs.elcomercio.es\/reflexiones-de-belarmino\/wp-json\/wp\/v2\/posts\/23901"}],"collection":[{"href":"https:\/\/blogs.elcomercio.es\/reflexiones-de-belarmino\/wp-json\/wp\/v2\/posts"}],"about":[{"href":"https:\/\/blogs.elcomercio.es\/reflexiones-de-belarmino\/wp-json\/wp\/v2\/types\/post"}],"author":[{"embeddable":true,"href":"https:\/\/blogs.elcomercio.es\/reflexiones-de-belarmino\/wp-json\/wp\/v2\/users\/16"}],"replies":[{"embeddable":true,"href":"https:\/\/blogs.elcomercio.es\/reflexiones-de-belarmino\/wp-json\/wp\/v2\/comments?post=23901"}],"version-history":[{"count":1,"href":"https:\/\/blogs.elcomercio.es\/reflexiones-de-belarmino\/wp-json\/wp\/v2\/posts\/23901\/revisions"}],"predecessor-version":[{"id":23902,"href":"https:\/\/blogs.elcomercio.es\/reflexiones-de-belarmino\/wp-json\/wp\/v2\/posts\/23901\/revisions\/23902"}],"wp:attachment":[{"href":"https:\/\/blogs.elcomercio.es\/reflexiones-de-belarmino\/wp-json\/wp\/v2\/media?parent=23901"}],"wp:term":[{"taxonomy":"category","embeddable":true,"href":"https:\/\/blogs.elcomercio.es\/reflexiones-de-belarmino\/wp-json\/wp\/v2\/categories?post=23901"},{"taxonomy":"post_tag","embeddable":true,"href":"https:\/\/blogs.elcomercio.es\/reflexiones-de-belarmino\/wp-json\/wp\/v2\/tags?post=23901"}],"curies":[{"name":"wp","href":"https:\/\/api.w.org\/{rel}","templated":true}]}}