{"id":23903,"date":"2022-07-24T16:40:47","date_gmt":"2022-07-24T14:40:47","guid":{"rendered":"https:\/\/blogs.elcomercio.es\/reflexiones-de-belarmino\/?p=23903"},"modified":"2022-07-24T16:41:48","modified_gmt":"2022-07-24T14:41:48","slug":"la-salud-no-es-un-problema-ideologico-sino-de-derechos-humanos-dice-el-presidente-al-llegar-los-primeros-medicos-cubanos","status":"publish","type":"post","link":"https:\/\/blogs.elcomercio.es\/reflexiones-de-belarmino\/2022\/07\/24\/la-salud-no-es-un-problema-ideologico-sino-de-derechos-humanos-dice-el-presidente-al-llegar-los-primeros-medicos-cubanos\/","title":{"rendered":"\u00a1\u00a1\u00a1\u00a1LA SALUD NO ES UN PROBLEMA IDEOL\u00d3GICO SINO DE DERECHOS HUMANOS, DICE EL PRESIDENTE AL LLEGAR LOS PRIMEROS M\u00c9DICOS CUBANOS !!!"},"content":{"rendered":"<p><b>Ayer llegaron los primeros 60 m\u00e9dicos cubanos que M\u00e9xico ha contratado en su visita a Cuba con el presidente D\u00edaz Canell.Ante las cr\u00edticas\u00a0de que fueran cubanos, as\u00ed respondi\u00f3 el presidente, mientras el Director del Seguro Social, dec\u00eda\u00a0que de los 14,323 especialistas que se necesitan y buscan contratarlos, s\u00f3lo 4,500 se han inscrito, por que a la mayor\u00eda no les interesa ir a zonas marginadas.<\/b><\/p>\n<p><b>L\u00f3pez Obrador, que mantiene que en 3 a\u00f1os habr\u00e1\u00a0una SANIDAD UNIVERSAL\u00a0Y GRATUITA EN MEXICO, ha dicho que buscar\u00e1 medios en los paises en los que los encuentre. Que no es un problema ideol\u00f3gico, sino de Derechos Humanos ,y que ya sea en Cuba, en Estados Unidos, en China o Rusia el ser\u00e1 buscando m\u00e9dicos\u00a0especialistas hasta culminar el programa\u00a0 \u00a0de la Constituci\u00f3n, EL DERECHO A LA SALUD UNIVERSAL Y GRATUITA, antes de dejar su gobierno en 3 a\u00f1os y medio.<\/b><\/p>\n<p><b>Los medicos cubanos ya est\u00e1n\u00a0trabajando desde ayer en Colima y en Nayarit en peque\u00f1os poblados.<\/b><\/p>\n<p>&nbsp;<\/p>\n<!-- AddThis Advanced Settings generic via filter on the_content --><!-- AddThis Share Buttons generic via filter on the_content -->","protected":false},"excerpt":{"rendered":"<p>Ayer llegaron los primeros 60 m\u00e9dicos cubanos que M\u00e9xico ha contratado en su visita a Cuba con el presidente D\u00edaz Canell.Ante las cr\u00edticas\u00a0de que fueran cubanos, as\u00ed respondi\u00f3 el presidente, mientras el Director del Seguro Social, dec\u00eda\u00a0que de los 14,323 especialistas que se necesitan y buscan contratarlos, s\u00f3lo 4,500 se han inscrito, por que a [&hellip;]<!-- AddThis Advanced Settings generic via filter on get_the_excerpt --><!-- AddThis Share Buttons generic via filter on get_the_excerpt --><\/p>\n","protected":false},"author":16,"featured_media":0,"comment_status":"open","ping_status":"closed","sticky":false,"template":"","format":"standard","meta":[],"categories":[1],"tags":[],"_links":{"self":[{"href":"https:\/\/blogs.elcomercio.es\/reflexiones-de-belarmino\/wp-json\/wp\/v2\/posts\/23903"}],"collection":[{"href":"https:\/\/blogs.elcomercio.es\/reflexiones-de-belarmino\/wp-json\/wp\/v2\/posts"}],"about":[{"href":"https:\/\/blogs.elcomercio.es\/reflexiones-de-belarmino\/wp-json\/wp\/v2\/types\/post"}],"author":[{"embeddable":true,"href":"https:\/\/blogs.elcomercio.es\/reflexiones-de-belarmino\/wp-json\/wp\/v2\/users\/16"}],"replies":[{"embeddable":true,"href":"https:\/\/blogs.elcomercio.es\/reflexiones-de-belarmino\/wp-json\/wp\/v2\/comments?post=23903"}],"version-history":[{"count":2,"href":"https:\/\/blogs.elcomercio.es\/reflexiones-de-belarmino\/wp-json\/wp\/v2\/posts\/23903\/revisions"}],"predecessor-version":[{"id":23905,"href":"https:\/\/blogs.elcomercio.es\/reflexiones-de-belarmino\/wp-json\/wp\/v2\/posts\/23903\/revisions\/23905"}],"wp:attachment":[{"href":"https:\/\/blogs.elcomercio.es\/reflexiones-de-belarmino\/wp-json\/wp\/v2\/media?parent=23903"}],"wp:term":[{"taxonomy":"category","embeddable":true,"href":"https:\/\/blogs.elcomercio.es\/reflexiones-de-belarmino\/wp-json\/wp\/v2\/categories?post=23903"},{"taxonomy":"post_tag","embeddable":true,"href":"https:\/\/blogs.elcomercio.es\/reflexiones-de-belarmino\/wp-json\/wp\/v2\/tags?post=23903"}],"curies":[{"name":"wp","href":"https:\/\/api.w.org\/{rel}","templated":true}]}}